{"id":68979,"date":"2018-09-04T00:00:00","date_gmt":"2018-09-04T06:00:00","guid":{"rendered":"https:\/\/dralvarez.com.mx\/larevista\/blog\/septiembre-mes-de-proteccion-civil-29047"},"modified":"2018-09-04T00:00:00","modified_gmt":"2018-09-04T06:00:00","slug":"septiembre-mes-de-proteccion-civil-29047","status":"publish","type":"post","link":"https:\/\/dralvarez.com.mx\/larevista\/compeche\/septiembre-mes-de-proteccion-civil-29047","title":{"rendered":"Septiembre, \u201cmes de protecci\u00f3n civil\u201d"},"content":{"rendered":"<\/p>\n<p>La<br \/>\nSecretar\u00eda de Protecci\u00f3n Civil del Gobierno del Estado de Campeche, como cada<br \/>\na\u00f1o, se prepara para las actividades a desarrollarse durante el Mes de<br \/>\nProtecci\u00f3n Civil; por lo que invita a la poblaci\u00f3n en general a participar en<br \/>\nlas acciones que las Unidades de Protecci\u00f3n Civil de sus Municipios tengan<br \/>\nprogramadas.<\/p>\n<p>Dentro<br \/>\nde este marco se efectuar\u00e1 el Homenaje Conmemorativo de los sismos de 1985 y<br \/>\n2017 en la Plaza de la Rep\u00fablica con una Guardia de Honor el 19 de septiembre a<br \/>\nlas 07:00 Hrs.; posteriormente se llevar\u00e1n a cabo las actividades programadas<br \/>\nde la Jornada 2018 \u201cD\u00eda Nacional de Protecci\u00f3n Civil\u201d, que tendr\u00e1 como sede el<br \/>\nAula Magna Benito Ju\u00e1rez del Instituto Campechano a partir de las 9:00 de la<br \/>\nma\u00f1ana. La jornada iniciar\u00e1 con la ceremonia de inauguraci\u00f3n y la ponencia con<br \/>\nel tema: \u201cB\u00fasqueda y Rescate\u201d impartida por el Lic. Arif P\u00e9rez Lares.<\/p>\n<p>A<br \/>\nlas 10:30 Hrs. se presentar\u00e1 la tem\u00e1tica \u201cSalud y Seguridad en el Trabajo\u201d<br \/>\nimpartida por el Ing. Daniel \u00c1lvarez G\u00f3ngora del Instituto Tecnol\u00f3gico de<br \/>\nCampeche; a las 11:30 Hrs se llevar\u00e1 a cabo el Panel: \u201cHerramientas para la<br \/>\nprevenci\u00f3n de riesgos: una visi\u00f3n t\u00e9cnica, legal y de comunicaci\u00f3n.\u201d<\/p>\n<p>Para<br \/>\nel cierre de las actividades y de manera coordinada a nivel nacional a las<br \/>\n13:14 Hrs. se realizar\u00e1 el simulacro de evacuaci\u00f3n, de acuerdo a lo programado<br \/>\na nivel nacional dentro del Macro Simulacro Nacional. Todas las actividades<br \/>\nprogramadas son abiertas al p\u00fablico en general y gratuitas. Para mayor<br \/>\ninformaci\u00f3n comunicarse al 981.6.14.44.<\/p><\/p>\n","protected":false},"excerpt":{"rendered":"<p>Invita a la poblaci\u00f3n en general a participar en las acciones que las Unidades de Protecci\u00f3n Civil de sus Municipios tengan programadas.<\/p>\n","protected":false},"author":1018,"featured_media":0,"comment_status":"open","ping_status":"open","sticky":false,"template":"","format":"standard","meta":{"tdm_status":"","tdm_grid_status":"","footnotes":""},"categories":[27],"tags":[],"_links":{"self":[{"href":"https:\/\/dralvarez.com.mx\/larevista\/wp-json\/wp\/v2\/posts\/68979"}],"collection":[{"href":"https:\/\/dralvarez.com.mx\/larevista\/wp-json\/wp\/v2\/posts"}],"about":[{"href":"https:\/\/dralvarez.com.mx\/larevista\/wp-json\/wp\/v2\/types\/post"}],"author":[{"embeddable":true,"href":"https:\/\/dralvarez.com.mx\/larevista\/wp-json\/wp\/v2\/users\/1018"}],"replies":[{"embeddable":true,"href":"https:\/\/dralvarez.com.mx\/larevista\/wp-json\/wp\/v2\/comments?post=68979"}],"version-history":[{"count":0,"href":"https:\/\/dralvarez.com.mx\/larevista\/wp-json\/wp\/v2\/posts\/68979\/revisions"}],"wp:attachment":[{"href":"https:\/\/dralvarez.com.mx\/larevista\/wp-json\/wp\/v2\/media?parent=68979"}],"wp:term":[{"taxonomy":"category","embeddable":true,"href":"https:\/\/dralvarez.com.mx\/larevista\/wp-json\/wp\/v2\/categories?post=68979"},{"taxonomy":"post_tag","embeddable":true,"href":"https:\/\/dralvarez.com.mx\/larevista\/wp-json\/wp\/v2\/tags?post=68979"}],"curies":[{"name":"wp","href":"https:\/\/api.w.org\/{rel}","templated":true}]}}