{"id":68978,"date":"2018-09-04T00:00:00","date_gmt":"2018-09-04T06:00:00","guid":{"rendered":"https:\/\/dralvarez.com.mx\/larevista\/blog\/trabaja-seduc-con-rutas-claras-para-el-desarrollo-de-la-educacion-en-campeche-medina-farfan-29046"},"modified":"2018-09-04T00:00:00","modified_gmt":"2018-09-04T06:00:00","slug":"trabaja-seduc-con-rutas-claras-para-el-desarrollo-de-la-educacion-en-campeche-medina-farfan-29046","status":"publish","type":"post","link":"https:\/\/dralvarez.com.mx\/larevista\/compeche\/trabaja-seduc-con-rutas-claras-para-el-desarrollo-de-la-educacion-en-campeche-medina-farfan-29046","title":{"rendered":"Trabaja SEDUC con rutas claras para el desarrollo De la educaci\u00f3n en Campeche: Medina Farf\u00e1n"},"content":{"rendered":"<p>\u201cLo que se busca es que cada vez el servicio educativo de nuestro Estado, en todos los distintos contextos, sea mejor; y en el caso de educaci\u00f3n ind\u00edgena, este foro es una oportunidad para reflexionar y que nos permita de manera consensuada, poder propiciar elementos propios para cada una de las comunidades donde se encuentran las escuelas, para que entonces podamos tener una ruta clara para el desarrollo de ellas y cumplir finalmente con el prop\u00f3sito de una educaci\u00f3n de calidad para las ni\u00f1as, ni\u00f1os y j\u00f3venes\u201d.<\/p>\n<p>Esto lo asegur\u00f3 el secretario de Educaci\u00f3n, Ricardo Medina Farf\u00e1n, al inaugurar el \u201cForo de directrices para mejorar la atenci\u00f3n educativa de ni\u00f1os, ni\u00f1as y adolescentes ind\u00edgenas\u201d.<\/p>\n<p>Este foro fue emitido por el Instituto Nacional para la Evaluaci\u00f3n de la Educaci\u00f3n (INEE) y es dirigido a supervisores de Educaci\u00f3n Ind\u00edgena del Estado con el prop\u00f3sito de consolidar pol\u00edticas p\u00fablicas que permitan ofrecer una educaci\u00f3n de calidad, en todos los contextos, y que sirvan para orientar a los involucrados, en el desarrollo de estrategias que coadyuven a lograr este objetivo.<\/p>\n<p>Medina Farf\u00e1n destac\u00f3 durante su mensaje, que la SEDUC ha trabajado para que sean implementadas las directrices correspondientes en los centros escolares, que permitan afianzar un mejor servicio educativo de manera integral, atendiendo las necesidades de los alumnos en las zonas rurales y urbanas del Estado.<\/p>\n<p>\u201cLo importante de esta acci\u00f3n es que logren un impulso renovado para la mejora de la educaci\u00f3n en las escuelas, porque todos los que estamos aqu\u00ed aportamos para la mejora de la educaci\u00f3n de Campeche y entonces, este espacio servir\u00e1 para darnos una oportunidad de reflexionar, trabajar para ver c\u00f3mo esto podemos acoplarlo a nuestro propio \u00e1mbito y fortalecer de esta manera, este nivel que es de gran importancia para nuestra entidad\u201d.<\/p>\n<p>Por su parte, la representante del INEE en Campeche, Miriam Lira Valencia, se\u00f1al\u00f3 que como resultado del an\u00e1lisis de las directrices emitidas por el organismo que representa se permitir\u00e1 en este foro tener aportaciones espec\u00edficas de cada zona para que la educaci\u00f3n ind\u00edgena en el pa\u00eds tenga mejores resultados.<\/p>\n<p>Previo a este evento, el secretario de Educaci\u00f3n encabez\u00f3 la novena ceremonia c\u00edvica del a\u00f1o, correspondiente a septiembre, de la dependencia estatal.<\/p>\n<p>En este acto desarrollado en la explanada de la SEDUC, mismo que estuvo a cargo del departamento de Educaci\u00f3n Ind\u00edgena, el funcionario entreg\u00f3 premios a los ganadores del concurso de dibujo infantil \u201cEl ni\u00f1o y la mar\u201d en su edici\u00f3n 2018, a la ni\u00f1a Ayleen Alejandra Cetina Luna de la Escuela Primaria \u201cMargarita de Gortari de Salinas\u201d y al alumno, Emiliano Francisco Puga Rodr\u00edguez del Colegio Guadalupe Victoria. Del mismo modo, hizo entrega de reconocimientos a los servidores p\u00fablicos del mes a Evelyn May Moo y a Jes\u00fas de la Cruz Trejo Maas.<\/p>\n<p>El mensaje de esta ceremonia estuvo a cargo del jefe del departamento de Educaci\u00f3n Ind\u00edgena, Luis Canul Tun quien hizo alusi\u00f3n a la conmemoraci\u00f3n del mes patrio y destac\u00f3 tres importantes ejes que contempla el nuevo modelo educativo, lo cuales dijo dar\u00e1n certeza al aprendizaje integral de los estudiantes, que son: aprendizajes clave, la autonom\u00eda curricular y el desarrollo personal y social.<\/p>\n<p>Cabe mencionar que en este acto c\u00edvico se cont\u00f3 con la participaci\u00f3n de coro de la escuela primaria ind\u00edgena \u201cLa Revoluci\u00f3n\u201d de Dzitbalch\u00e9, Calkin\u00ed, quienes interpretaron el himno nacional y el himno campechano en lengua maya.<\/p>\n","protected":false},"excerpt":{"rendered":"<p>Inaugura secretario de Educaci\u00f3n el \u201cForo de directrices para mejorar la atenci\u00f3n educativa de ni\u00f1os, ni\u00f1as y adolescentes ind\u00edgenas\u201d<\/p>\n","protected":false},"author":1018,"featured_media":0,"comment_status":"open","ping_status":"open","sticky":false,"template":"","format":"standard","meta":{"tdm_status":"","tdm_grid_status":"","footnotes":""},"categories":[27],"tags":[],"_links":{"self":[{"href":"https:\/\/dralvarez.com.mx\/larevista\/wp-json\/wp\/v2\/posts\/68978"}],"collection":[{"href":"https:\/\/dralvarez.com.mx\/larevista\/wp-json\/wp\/v2\/posts"}],"about":[{"href":"https:\/\/dralvarez.com.mx\/larevista\/wp-json\/wp\/v2\/types\/post"}],"author":[{"embeddable":true,"href":"https:\/\/dralvarez.com.mx\/larevista\/wp-json\/wp\/v2\/users\/1018"}],"replies":[{"embeddable":true,"href":"https:\/\/dralvarez.com.mx\/larevista\/wp-json\/wp\/v2\/comments?post=68978"}],"version-history":[{"count":0,"href":"https:\/\/dralvarez.com.mx\/larevista\/wp-json\/wp\/v2\/posts\/68978\/revisions"}],"wp:attachment":[{"href":"https:\/\/dralvarez.com.mx\/larevista\/wp-json\/wp\/v2\/media?parent=68978"}],"wp:term":[{"taxonomy":"category","embeddable":true,"href":"https:\/\/dralvarez.com.mx\/larevista\/wp-json\/wp\/v2\/categories?post=68978"},{"taxonomy":"post_tag","embeddable":true,"href":"https:\/\/dralvarez.com.mx\/larevista\/wp-json\/wp\/v2\/tags?post=68978"}],"curies":[{"name":"wp","href":"https:\/\/api.w.org\/{rel}","templated":true}]}}