{"id":68977,"date":"2018-09-04T00:00:00","date_gmt":"2018-09-04T06:00:00","guid":{"rendered":"https:\/\/dralvarez.com.mx\/larevista\/blog\/campeche-sede-de-premiacion-anual-de-disena-el-cambio-2018-29045"},"modified":"2018-09-04T00:00:00","modified_gmt":"2018-09-04T06:00:00","slug":"campeche-sede-de-premiacion-anual-de-disena-el-cambio-2018-29045","status":"publish","type":"post","link":"https:\/\/dralvarez.com.mx\/larevista\/compeche\/campeche-sede-de-premiacion-anual-de-disena-el-cambio-2018-29045","title":{"rendered":"Campeche sede de premiaci\u00f3n anual De dise\u00f1a el cambio 2018"},"content":{"rendered":"<p>Por su notoria participaci\u00f3n en las diversas ediciones del Programa Dise\u00f1a el Cambio, el Estado de Campeche fue seleccionado para ser sede de la Ceremonia de Premiaci\u00f3n Anual, misma que se llevar\u00e1 a cabo el pr\u00f3ximo 7 de septiembre en el Centro Internacional de Convenciones y Exposiciones Campeche XXI, y que contar\u00e1 con la presencia de todos los equipos ganadores del pa\u00eds.<\/p>\n<p>En conferencia de prensa, ante representantes de medios de comunicaci\u00f3n, el secretario de Educaci\u00f3n, Ricardo Medina Farf\u00e1n, acompa\u00f1ado de la directora de Dise\u00f1a el Cambio M\u00e9xico, Mar\u00eda Fernanda G\u00f3mez de la Garza, as\u00ed como de Ana Isabel Cavazos Herrera, responsable de Comunicaci\u00f3n y Relaciones Comerciales de dicho programa, dio a conocer que en este evento se premiar\u00e1 a los proyectos m\u00e1s relevantes de toda la Rep\u00fablica y que fueron seleccionados por su trascendente aportaci\u00f3n social.<\/p>\n<p>\u201cPara nosotros es un gran orgullo ser parte de un proyecto tan importante a nivel nacional, ya que este programa ha sido una experiencia importante en nuestra entidad, que lleva dos a\u00f1os participando activamente gracias al convenio que se sign\u00f3 con la Fundaci\u00f3n Educar Uno y que ha coadyuvado a plasmar cambios significativos en los centros escolares que han participado, en los alumnos quienes sin duda, a trav\u00e9s de estas experiencias, se han convertido en actores positivos para el cambio social\u201d, asever\u00f3.<\/p>\n<p>Medina Farf\u00e1n a\u00f1adi\u00f3 que Dise\u00f1a el Cambio es un programa que permite fomentar la actitud positiva, la participaci\u00f3n social y el cambio de mentalidad en ni\u00f1as, ni\u00f1os, j\u00f3venes, maestros y en la sociedad en general, al incentivar la creaci\u00f3n de proyectos que generen un impacto en las comunidades. Por eso, en esta octava edici\u00f3n se tuvo una alta respuesta, ya que participaron cerca de 169 proyectos campechanos, lo que representa a m\u00e1s de dos mil estudiantes, 400 maestros y se impact\u00f3 a m\u00e1s de 90 mil personas.<\/p>\n<p>Por su parte, Mar\u00eda Fernanda G\u00f3mez de la Garza, se\u00f1al\u00f3 que cada a\u00f1o se celebra la premiaci\u00f3n de Dise\u00f1a el Cambio y se elige la sede de acuerdo con la participaci\u00f3n a nivel nacional m\u00e1s alta; por tal motivo, y gracias a la gran difusi\u00f3n y cantidad de proyectos que se han elaborado, Campeche fue elegido sede este 2018.<\/p>\n<p>Por \u00faltimo, la directora de \u201cDise\u00f1a el Cambio M\u00e9xico\u201d refiri\u00f3 que en este evento se contar\u00e1 con la participaci\u00f3n de equipos de Aguascalientes, Baja California, Campeche, Chihuahua, Colima, el Estado de M\u00e9xico, Hidalgo, Jalisco, Michoac\u00e1n, Nuevo Le\u00f3n, Puebla, Tamaulipas y Veracruz; quienes, adem\u00e1s, compartir\u00e1n sus proyectos ante el p\u00fablico y tendr\u00e1n la oportunidad de participar en talleres, exposiciones y actividades l\u00fadicas.<\/p>\n","protected":false},"excerpt":{"rendered":"<p>Se realizar\u00e1 el viernes 7 de septiembre con la participaci\u00f3n de equipos ganadores de todo el pa\u00eds<\/p>\n","protected":false},"author":1018,"featured_media":0,"comment_status":"open","ping_status":"open","sticky":false,"template":"","format":"standard","meta":{"tdm_status":"","tdm_grid_status":"","footnotes":""},"categories":[27],"tags":[],"_links":{"self":[{"href":"https:\/\/dralvarez.com.mx\/larevista\/wp-json\/wp\/v2\/posts\/68977"}],"collection":[{"href":"https:\/\/dralvarez.com.mx\/larevista\/wp-json\/wp\/v2\/posts"}],"about":[{"href":"https:\/\/dralvarez.com.mx\/larevista\/wp-json\/wp\/v2\/types\/post"}],"author":[{"embeddable":true,"href":"https:\/\/dralvarez.com.mx\/larevista\/wp-json\/wp\/v2\/users\/1018"}],"replies":[{"embeddable":true,"href":"https:\/\/dralvarez.com.mx\/larevista\/wp-json\/wp\/v2\/comments?post=68977"}],"version-history":[{"count":0,"href":"https:\/\/dralvarez.com.mx\/larevista\/wp-json\/wp\/v2\/posts\/68977\/revisions"}],"wp:attachment":[{"href":"https:\/\/dralvarez.com.mx\/larevista\/wp-json\/wp\/v2\/media?parent=68977"}],"wp:term":[{"taxonomy":"category","embeddable":true,"href":"https:\/\/dralvarez.com.mx\/larevista\/wp-json\/wp\/v2\/categories?post=68977"},{"taxonomy":"post_tag","embeddable":true,"href":"https:\/\/dralvarez.com.mx\/larevista\/wp-json\/wp\/v2\/tags?post=68977"}],"curies":[{"name":"wp","href":"https:\/\/api.w.org\/{rel}","templated":true}]}}