{"id":68921,"date":"2018-09-03T00:00:00","date_gmt":"2018-09-03T06:00:00","guid":{"rendered":"https:\/\/dralvarez.com.mx\/larevista\/blog\/imparten-cursos-de-programa-interno-y-refugios-temporales-28985"},"modified":"2018-09-03T00:00:00","modified_gmt":"2018-09-03T06:00:00","slug":"imparten-cursos-de-programa-interno-y-refugios-temporales-28985","status":"publish","type":"post","link":"https:\/\/dralvarez.com.mx\/larevista\/compeche\/imparten-cursos-de-programa-interno-y-refugios-temporales-28985","title":{"rendered":"Imparten cursos de programa interno y refugios temporales"},"content":{"rendered":"<\/p>\n<p>La Secretar\u00eda de Protecci\u00f3n Civil, a trav\u00e9s de la<br \/>\nDirecci\u00f3n de Capacitaci\u00f3n, imparti\u00f3 los cursos Programa Interno de Protecci\u00f3n<br \/>\nCivil y Refugios Temporales a personal de la Secretar\u00eda de Pesca (SEPESCA)  y a la &nbsp;ciudadan\u00eda en General, respectivamente.<\/p>\n<p>El primer curso fue dirigido al personal que integra<br \/>\nla Unidad Interna de Protecci\u00f3n Civil de la Secretar\u00eda de Pesca; fueron<br \/>\nabordados temas como la creaci\u00f3n de la Unidad Interna, formaci\u00f3n de brigadas, elaboraci\u00f3n<br \/>\ndel programa interno, entre otros. En este curso participaron 12 personas y el objetivo<br \/>\nes que la propia Secretar\u00eda de Pesca cuente con personal preparado para<br \/>\nafrontar situaciones de emergencia.<\/p>\n<p>Por lo que respecta al curso de Refugios Temporales,<br \/>\nfue impartido a ciudadanos y cont\u00f3 con la participaci\u00f3n de 46 personas,<br \/>\nincluyendo a personal de los tres niveles de gobierno, que recibieron<br \/>\ninformaci\u00f3n sobre terminolog\u00eda, etapas de un sistema afectable frente a un<br \/>\nfen\u00f3meno perturbador, qu\u00e9 es un refugio temporal, tiempos y pol\u00edticas de<br \/>\noperaci\u00f3n de un refugio temporal, tipos de refugios y funciones de los<br \/>\noperadores de un refugio temporal.<\/p>\n<p>Es importante destacar el creciente inter\u00e9s de la<br \/>\npoblaci\u00f3n por acudir a los cursos e integrarse a la cultura de la prevenci\u00f3n.<\/p>\n<p><\/p>\n","protected":false},"excerpt":{"rendered":"<p>El primer curso fue dirigido al personal que integra la Unidad Interna de Protecci\u00f3n Civil de la Secretar\u00eda de Pesca&#8230;<\/p>\n","protected":false},"author":1018,"featured_media":0,"comment_status":"open","ping_status":"open","sticky":false,"template":"","format":"standard","meta":{"tdm_status":"","tdm_grid_status":"","footnotes":""},"categories":[27],"tags":[],"_links":{"self":[{"href":"https:\/\/dralvarez.com.mx\/larevista\/wp-json\/wp\/v2\/posts\/68921"}],"collection":[{"href":"https:\/\/dralvarez.com.mx\/larevista\/wp-json\/wp\/v2\/posts"}],"about":[{"href":"https:\/\/dralvarez.com.mx\/larevista\/wp-json\/wp\/v2\/types\/post"}],"author":[{"embeddable":true,"href":"https:\/\/dralvarez.com.mx\/larevista\/wp-json\/wp\/v2\/users\/1018"}],"replies":[{"embeddable":true,"href":"https:\/\/dralvarez.com.mx\/larevista\/wp-json\/wp\/v2\/comments?post=68921"}],"version-history":[{"count":0,"href":"https:\/\/dralvarez.com.mx\/larevista\/wp-json\/wp\/v2\/posts\/68921\/revisions"}],"wp:attachment":[{"href":"https:\/\/dralvarez.com.mx\/larevista\/wp-json\/wp\/v2\/media?parent=68921"}],"wp:term":[{"taxonomy":"category","embeddable":true,"href":"https:\/\/dralvarez.com.mx\/larevista\/wp-json\/wp\/v2\/categories?post=68921"},{"taxonomy":"post_tag","embeddable":true,"href":"https:\/\/dralvarez.com.mx\/larevista\/wp-json\/wp\/v2\/tags?post=68921"}],"curies":[{"name":"wp","href":"https:\/\/api.w.org\/{rel}","templated":true}]}}