{"id":68919,"date":"2018-09-03T00:00:00","date_gmt":"2018-09-03T06:00:00","guid":{"rendered":"https:\/\/dralvarez.com.mx\/larevista\/blog\/el-sistema-estatal-para-el-desarrollo-integral-de-la-familia-realizo-segunda-jornada-de-colocacion-de-protesis-de-rodilla-y-cadera-28983"},"modified":"2018-09-03T00:00:00","modified_gmt":"2018-09-03T06:00:00","slug":"el-sistema-estatal-para-el-desarrollo-integral-de-la-familia-realizo-segunda-jornada-de-colocacion-de-protesis-de-rodilla-y-cadera-28983","status":"publish","type":"post","link":"https:\/\/dralvarez.com.mx\/larevista\/compeche\/el-sistema-estatal-para-el-desarrollo-integral-de-la-familia-realizo-segunda-jornada-de-colocacion-de-protesis-de-rodilla-y-cadera-28983","title":{"rendered":"El sistema estatal para el desarrollo integral de la familia realiz\u00f3 segunda jornada de colocaci\u00f3n de pr\u00f3tesis  de rodilla y cadera"},"content":{"rendered":"<\/p>\n<p>El Sistema Estatal para el Desarrollo Integral de<br \/>\nla Familia (DIF) que preside Christelle Casta\u00f1\u00f3n de Moreno, a trav\u00e9s de la<br \/>\nDirecci\u00f3n de Asistencia Social y Discapacidad y en coordinaci\u00f3n con el Programa<br \/>\nde Cirug\u00eda Extramuros, este a\u00f1o realiz\u00f3 una segunda jornada de colocaci\u00f3n de<br \/>\npr\u00f3tesis de rodillas y cadera para beneficiar a 11 personas en situaci\u00f3n<br \/>\nvulnerable.<\/p>\n<p>Las cirug\u00edas fueron realizadas en el Hospital \u201cDr.<br \/>\nManuel Campos\u201d por especialistas ortopedistas del servicio de cirug\u00eda y reconstrucci\u00f3n<br \/>\narticular de cadera y rodilla del Instituto Nacional de Rehabilitaci\u00f3n, que se<br \/>\nencargaron de tomar las medidas a cada paciente, para fabricarles sus aparatos<br \/>\npersonalizados y finalmente se llev\u00f3 a cabo la colocaci\u00f3n a cada paciente, que<br \/>\nrecibir\u00e1 seguimiento hasta que se le d\u00e9 totalmente de alta.<\/p>\n<p>Esta es la cuarta campa\u00f1a que se efect\u00faa de manera<br \/>\ninterinstitucional entre el DIF Estatal, la Secretar\u00eda de Salud, la<br \/>\nAdministraci\u00f3n de la Beneficencia P\u00fablica del Estado de Campeche y el R\u00e9gimen<br \/>\nde Protecci\u00f3n Social en Salud del Estado de Campeche, cabe mencionar, que en el<br \/>\ntotal de cuatro campa\u00f1as han sido beneficiadas 55 personas de los 11<br \/>\nmunicipios.<\/p>\n<p><\/p>\n","protected":false},"excerpt":{"rendered":"<p>Las cirug\u00edas fueron realizadas en el Hospital \u201cDr. Manuel Campos\u201d por especialistas ortopedistas del servicio de cirug\u00eda&#8230;<\/p>\n","protected":false},"author":1018,"featured_media":0,"comment_status":"open","ping_status":"open","sticky":false,"template":"","format":"standard","meta":{"tdm_status":"","tdm_grid_status":"","footnotes":""},"categories":[27],"tags":[],"_links":{"self":[{"href":"https:\/\/dralvarez.com.mx\/larevista\/wp-json\/wp\/v2\/posts\/68919"}],"collection":[{"href":"https:\/\/dralvarez.com.mx\/larevista\/wp-json\/wp\/v2\/posts"}],"about":[{"href":"https:\/\/dralvarez.com.mx\/larevista\/wp-json\/wp\/v2\/types\/post"}],"author":[{"embeddable":true,"href":"https:\/\/dralvarez.com.mx\/larevista\/wp-json\/wp\/v2\/users\/1018"}],"replies":[{"embeddable":true,"href":"https:\/\/dralvarez.com.mx\/larevista\/wp-json\/wp\/v2\/comments?post=68919"}],"version-history":[{"count":0,"href":"https:\/\/dralvarez.com.mx\/larevista\/wp-json\/wp\/v2\/posts\/68919\/revisions"}],"wp:attachment":[{"href":"https:\/\/dralvarez.com.mx\/larevista\/wp-json\/wp\/v2\/media?parent=68919"}],"wp:term":[{"taxonomy":"category","embeddable":true,"href":"https:\/\/dralvarez.com.mx\/larevista\/wp-json\/wp\/v2\/categories?post=68919"},{"taxonomy":"post_tag","embeddable":true,"href":"https:\/\/dralvarez.com.mx\/larevista\/wp-json\/wp\/v2\/tags?post=68919"}],"curies":[{"name":"wp","href":"https:\/\/api.w.org\/{rel}","templated":true}]}}