{"id":68917,"date":"2018-09-03T00:00:00","date_gmt":"2018-09-03T06:00:00","guid":{"rendered":"https:\/\/dralvarez.com.mx\/larevista\/blog\/educacion-la-via-para-propiciar-el-desarrollo-social-medina-farfan-28981"},"modified":"2018-09-03T00:00:00","modified_gmt":"2018-09-03T06:00:00","slug":"educacion-la-via-para-propiciar-el-desarrollo-social-medina-farfan-28981","status":"publish","type":"post","link":"https:\/\/dralvarez.com.mx\/larevista\/compeche\/educacion-la-via-para-propiciar-el-desarrollo-social-medina-farfan-28981","title":{"rendered":"Educaci\u00f3n, la v\u00eda para propiciar El desarrollo social: medina farf\u00e1n"},"content":{"rendered":"<\/p>\n<p>\u201cLa<br \/>\neducaci\u00f3n es la v\u00eda principal para propiciar el desarrollo social; permite que<br \/>\nlas personas tengan mejores oportunidades de desarrollo, que alcancen sus<br \/>\nmetas, por ello, el decir que en M\u00e9xico se est\u00e1n reduciendo los niveles del analfabetismo<br \/>\ny rezago educativo, es hablar de un logro visible a favor del pa\u00eds porque al<br \/>\nfinal, la educaci\u00f3n fortalece las capacidades y mejora la competitividad, as\u00ed<br \/>\ncomo la calidad de vida\u201d, asegur\u00f3 el secretario de Educaci\u00f3n, Ricardo Medina<br \/>\nFarf\u00e1n.<\/p>\n<p>Al<br \/>\nencabezar, en representaci\u00f3n del gobernador, Alejandro Moreno C\u00e1rdenas, el<br \/>\ninicio del Seminario \u201cPresente y Futuro de la Educaci\u00f3n con Personas J\u00f3venes y<br \/>\nAdultas\u201d que se llev\u00f3 a cabo en el marco del 37 aniversario del Instituto<br \/>\nNacional para la Educaci\u00f3n de los Adultos (INEA), el titular de la Secretar\u00eda<br \/>\nde Educaci\u00f3n de Campeche (SEDUC), reconoci\u00f3 la labor que esta instituci\u00f3n,<br \/>\nrealiza en todo el pa\u00eds, y que deja huella en todas aquellas personas a las que<br \/>\nbeneficia.<\/p>\n<p>En<br \/>\nsu intervenci\u00f3n ante autoridades educativas locales y nacionales, Medina Farf\u00e1n<br \/>\nprecis\u00f3 que el trabajo del INEA, as\u00ed como de sus representaciones en las<br \/>\nentidades, es fundamental para combatir el rezago y el analfabetismo. Precis\u00f3<br \/>\nque su trabajo es una responsabilidad de gran trascendencia para la vida de la<br \/>\ngente, ya que es gracias a la educaci\u00f3n que se pueden cambiar los indicadores<br \/>\nde bienestar, as\u00ed como abrir los caminos de mejora en todos los \u00e1mbitos, tanto<br \/>\neducativos como de desarrollo.<\/p>\n<p>\u201cSin<br \/>\nduda, su trabajo permite dignificar la vida de las personas, abrirles nuevos<br \/>\npanoramas, creer en s\u00ed mismos y saber que, dando esos pasos pueden alcanzar<br \/>\nnueva metas; al final en un mundo como el de ahora, podemos pensar que no debe<br \/>\nexistir el rezago educativo, por eso tenemos que fijar posiciones estrat\u00e9gicas<br \/>\npara poderlo resolver y este es el esfuerzo que esta Instituci\u00f3n, durante este<br \/>\ntrabajo sostenido a los largo de 37 a\u00f1os, ha ido consolidando. Por ello esta es<br \/>\nuna celebraci\u00f3n, y estos espacios son escenarios para festejar y a su vez<br \/>\nreflexionar qu\u00e9 ha pasado, c\u00f3mo se ha hecho y qu\u00e9 se puede mejorar para poder<br \/>\nestablecer nuevas formas de llegar a todos y refrescar el trabajo que todos<br \/>\nrealizamos\u201d asever\u00f3.<\/p>\n<p>Por<br \/>\nsu parte, el director General del INEA, Gerardo Molina \u00c1lvarez, destac\u00f3 que se<br \/>\nescogi\u00f3 a Campeche para llevar a cabo este encuentro, porque es un Estado que<br \/>\nha mostrado resultados notables en esta materia, claro ejemplo es que la<br \/>\nentidad est\u00e1 cerca de llegar a la meta de reducir en un 4% el nivel de<br \/>\nanalfabetismo.<\/p>\n<p>En<br \/>\neste sentido resalt\u00f3 que a nivel general en el pa\u00eds, hasta el \u00faltimo corte, se<br \/>\ntuvo un cierre de un 4.17% en los indicadores de analfabetismo, y se espera que<br \/>\nen noviembre la instituci\u00f3n consolide de forma hist\u00f3rica declarar a M\u00e9xico como<br \/>\nlibre de analfabetismo, en un 4%, meta que el secretario de Educaci\u00f3n, Otto<br \/>\nGranados Rold\u00e1n, ha establecido.<\/p>\n<p>En<br \/>\ntanto que el director General del Instituto Estatal para la Educaci\u00f3n de los<br \/>\nAdultos (IEEA) de Campeche, Gilberto Brito Silva, se\u00f1al\u00f3 los logros<br \/>\nconsolidados en la entidad se han obtenido derivado de la conjunci\u00f3n de<br \/>\nesfuerzos, que permite ofrecer a las personas que atienden, un nuevo horizonte<br \/>\ny mejores oportunidades de vida.<\/p>\n<p>Es<br \/>\nimportante se\u00f1alar que el acto inaugural de esta actividad estuvo a cargo de<br \/>\nMiguel \u00c1ngel Ballesteros P\u00e9rez, coordinador de \u00d3rganos Desconcentrados y del<br \/>\nSector Paraestatal en representaci\u00f3n del titular de las pol\u00edticas educativas a<br \/>\nnivel federal.<\/p>\n<p>En<br \/>\neste seminario se abordaron exposiciones como \u201cLos logros y retos de la<br \/>\neducaci\u00f3n de adultos en M\u00e9xico en el contexto de los pa\u00edses latinoamericanos\u201d,<br \/>\na cargo de Sergio C\u00e1rdenas Denham, director del Centro de Cooperaci\u00f3n Regional<br \/>\npara la Educaci\u00f3n de Adultos en Am\u00e9rica Latina y el Caribe (CREFAL); \u201cLas<br \/>\nprimeras experiencias del INEA en Campeche\u201d por el primer Delegado del INEA en<br \/>\nCampeche, Javier Cu Espejo; y \u201cLos desaf\u00edos de la educaci\u00f3n para adultos<br \/>\nind\u00edgenas en el marco de la equidad e inclusi\u00f3n, Compromiso de la Reforma<br \/>\nEducativa, por Rosalinda Morales Garza, directora General de Educaci\u00f3n Ind\u00edgena<br \/>\nde la SEP.<\/p>\n<p>As\u00ed<br \/>\ntambi\u00e9n \u201cLa educaci\u00f3n y el aprendizaje para personas j\u00f3venes y adultas mediado<br \/>\ncon dispositivos tecnol\u00f3gicos: soluciones y desaf\u00edos\u201d a cargo de Arturo<br \/>\nVel\u00e1zquez Jim\u00e9nez, director del Instituto Latinoamericano de la Comunicaci\u00f3n<br \/>\nEducativa (ILCE); as\u00ed como \u201cLa educaci\u00f3n de adultos como elemento fundamental<br \/>\npara el desarrollo humano y social\u201d, por Filiberto Ib\u00e1\u00f1ez Ju\u00e1rez, jefe de la<br \/>\nOficina del Secretario de la SEDESOL.<\/p><\/p>\n","protected":false},"excerpt":{"rendered":"<p>*Encabeza inicio del Seminario \u201cPresente y Futuro de la Educaci\u00f3n con Personas J\u00f3venes y Adultas\u201d<\/p>\n","protected":false},"author":1018,"featured_media":0,"comment_status":"open","ping_status":"open","sticky":false,"template":"","format":"standard","meta":{"tdm_status":"","tdm_grid_status":"","footnotes":""},"categories":[27],"tags":[],"_links":{"self":[{"href":"https:\/\/dralvarez.com.mx\/larevista\/wp-json\/wp\/v2\/posts\/68917"}],"collection":[{"href":"https:\/\/dralvarez.com.mx\/larevista\/wp-json\/wp\/v2\/posts"}],"about":[{"href":"https:\/\/dralvarez.com.mx\/larevista\/wp-json\/wp\/v2\/types\/post"}],"author":[{"embeddable":true,"href":"https:\/\/dralvarez.com.mx\/larevista\/wp-json\/wp\/v2\/users\/1018"}],"replies":[{"embeddable":true,"href":"https:\/\/dralvarez.com.mx\/larevista\/wp-json\/wp\/v2\/comments?post=68917"}],"version-history":[{"count":0,"href":"https:\/\/dralvarez.com.mx\/larevista\/wp-json\/wp\/v2\/posts\/68917\/revisions"}],"wp:attachment":[{"href":"https:\/\/dralvarez.com.mx\/larevista\/wp-json\/wp\/v2\/media?parent=68917"}],"wp:term":[{"taxonomy":"category","embeddable":true,"href":"https:\/\/dralvarez.com.mx\/larevista\/wp-json\/wp\/v2\/categories?post=68917"},{"taxonomy":"post_tag","embeddable":true,"href":"https:\/\/dralvarez.com.mx\/larevista\/wp-json\/wp\/v2\/tags?post=68917"}],"curies":[{"name":"wp","href":"https:\/\/api.w.org\/{rel}","templated":true}]}}