{"id":68884,"date":"2018-08-31T00:00:00","date_gmt":"2018-08-31T06:00:00","guid":{"rendered":"https:\/\/dralvarez.com.mx\/larevista\/blog\/el-dif-estatal-en-coordinacion-con-la-seduc-y-la-semanatcam-organizo-el-segundo-rally-vida-saludable-28947"},"modified":"2018-08-31T00:00:00","modified_gmt":"2018-08-31T06:00:00","slug":"el-dif-estatal-en-coordinacion-con-la-seduc-y-la-semanatcam-organizo-el-segundo-rally-vida-saludable-28947","status":"publish","type":"post","link":"https:\/\/dralvarez.com.mx\/larevista\/compeche\/el-dif-estatal-en-coordinacion-con-la-seduc-y-la-semanatcam-organizo-el-segundo-rally-vida-saludable-28947","title":{"rendered":"El DIF estatal en coordinaci\u00f3n con la SEDUC y la SEMANATCAM Organiz\u00f3 el segundo rally \u201cvida saludable\u201d"},"content":{"rendered":"<\/p>\n<p>Con la participaci\u00f3n de 150 ni\u00f1as y ni\u00f1os de la<br \/>\nEscuela Primaria \u201cManuel Crescencio Garc\u00eda Rej\u00f3n y Alcal\u00e1\u201d el Sistema Estatal<br \/>\npara el Desarrollo Integral de la Familia (DIF) en coordinaci\u00f3n con la<br \/>\nSecretar\u00eda de Educaci\u00f3n (SEDUC) y la Secretaria de Medio Ambiente y Recursos<br \/>\nNaturales del Estado de Campeche (SEMARNATCAM) organiz\u00f3 el Segundo Rally \u201cVida<br \/>\nSaludable\u201d que fue inaugurado por la Directora General del SEDIF, Silvia Elena<br \/>\nParrao Arceo, quien hizo un llamado a educarnos todos como familia en buenos<br \/>\nh\u00e1bitos de alimentaci\u00f3n.<\/p>\n<p>Con la representaci\u00f3n personal de la Presidenta del<br \/>\nPatronato del DIF Estatal, Christelle Casta\u00f1\u00f3n de Moreno, la Directora General<br \/>\ndel SEDIF Silvia Elena Parrao Arceo, les transmiti\u00f3 su afectuoso saludo,<br \/>\nasimismo agradeci\u00f3 su participaci\u00f3n debido a que jugando van aprendiendo buenos<br \/>\nh\u00e1bitos, que los llevar\u00e1 a contrarrestar la obesidad y a tener una alimentaci\u00f3n<br \/>\nsaludable.<\/p>\n<p>El encuentro se llev\u00f3 a cabo en la cancha de usos<br \/>\nm\u00faltiples de la colonia Minas, donde se realizaron actividades del Rally que fueron<br \/>\nl\u00fadicas con temas como: Elige tu Platillo, Consume Agua, Cuida tu Peso, Puntos<br \/>\na lo que Consumes, Tiro al Blanco de Actividades y Llevando Colaciones. Al<br \/>\nconcluir cada juego se le explic\u00f3 a cada equipo la raz\u00f3n de cada actividad y al<br \/>\nfinal se les ofreci\u00f3 una colaci\u00f3n de fruta y agua.<\/p>\n<p>Asistieron la Directora de Asistencia Alimentaria y<br \/>\nDesarrollo Comunitario, Ruth Ebergenyi V\u00e1zquez, el Director del plantel<br \/>\nanfitri\u00f3n Nelson Alberto Moreno Tzec; as\u00ed como representantes de los organismos<br \/>\nparticiparon en el evento.<\/p><\/p>\n","protected":false},"excerpt":{"rendered":"<p>El encuentro se llev\u00f3 a cabo en la cancha de usos m\u00faltiples de la colonia Minas, donde se realizaron actividades del Rally&#8230;<\/p>\n","protected":false},"author":1018,"featured_media":0,"comment_status":"open","ping_status":"open","sticky":false,"template":"","format":"standard","meta":{"tdm_status":"","tdm_grid_status":"","footnotes":""},"categories":[27],"tags":[],"_links":{"self":[{"href":"https:\/\/dralvarez.com.mx\/larevista\/wp-json\/wp\/v2\/posts\/68884"}],"collection":[{"href":"https:\/\/dralvarez.com.mx\/larevista\/wp-json\/wp\/v2\/posts"}],"about":[{"href":"https:\/\/dralvarez.com.mx\/larevista\/wp-json\/wp\/v2\/types\/post"}],"author":[{"embeddable":true,"href":"https:\/\/dralvarez.com.mx\/larevista\/wp-json\/wp\/v2\/users\/1018"}],"replies":[{"embeddable":true,"href":"https:\/\/dralvarez.com.mx\/larevista\/wp-json\/wp\/v2\/comments?post=68884"}],"version-history":[{"count":0,"href":"https:\/\/dralvarez.com.mx\/larevista\/wp-json\/wp\/v2\/posts\/68884\/revisions"}],"wp:attachment":[{"href":"https:\/\/dralvarez.com.mx\/larevista\/wp-json\/wp\/v2\/media?parent=68884"}],"wp:term":[{"taxonomy":"category","embeddable":true,"href":"https:\/\/dralvarez.com.mx\/larevista\/wp-json\/wp\/v2\/categories?post=68884"},{"taxonomy":"post_tag","embeddable":true,"href":"https:\/\/dralvarez.com.mx\/larevista\/wp-json\/wp\/v2\/tags?post=68884"}],"curies":[{"name":"wp","href":"https:\/\/api.w.org\/{rel}","templated":true}]}}