{"id":68876,"date":"2018-08-30T00:00:00","date_gmt":"2018-08-30T06:00:00","guid":{"rendered":"https:\/\/dralvarez.com.mx\/larevista\/blog\/gobernador-amc-en-reunion-de-conago-con-lopez-obrador-28939"},"modified":"2018-08-30T00:00:00","modified_gmt":"2018-08-30T06:00:00","slug":"gobernador-amc-en-reunion-de-conago-con-lopez-obrador-28939","status":"publish","type":"post","link":"https:\/\/dralvarez.com.mx\/larevista\/compeche\/gobernador-amc-en-reunion-de-conago-con-lopez-obrador-28939","title":{"rendered":"Gobernador AMC en reuni\u00f3n  de CONAGO con L\u00f3pez Obrador"},"content":{"rendered":"<p><b>Especial \/ La Revista <\/b><br \/><b><i><\/i><\/b><\/p>\n<blockquote><p><b><i>Los gobernadores agrupados en la Conago acordaron estrechar el trabajo de coordinaci\u00f3n con el nuevo gobierno en temas como: El pacto federalista, programas sociales y de infraestructura, seguridad p\u00fablica, combate a la corrupci\u00f3n y descentralizaci\u00f3n de las dependencias federales.<\/i><\/b><br \/><b><i>La construcci\u00f3n del Tren Maya es uno de los de los 25 proyectos prioritarios que propone Andr\u00e9s Manuel L\u00f3pez Obrador, presidente electo.<\/i><\/b><\/p><\/blockquote>\n<p>El gobernador Alejandro Moreno C\u00e1rdenas y sus hom\u00f3logos agrupados en la Conferencia Nacional de Gobernadores (Conago) acordaron estrechar el trabajo de coordinaci\u00f3n con el nuevo gobierno del presidente electo, Andr\u00e9s Manuel L\u00f3pez Obrador, en una segunda reuni\u00f3n donde se abund\u00f3 sobre el pacto federalista, los programas sociales y de infraestructura, seguridad p\u00fablica, combate a la corrupci\u00f3n y descentralizaci\u00f3n de las dependencias federales.<\/p>\n<p>En el encuentro que se llev\u00f3 a cabo en el edificio del Colegio de Ingenieros Civiles de M\u00e9xico, particularmente los mandatarios priistas sostuvieron ante L\u00f3pez Obrador su determinaci\u00f3n de mantener un trato constructivo y respetuoso de forma directa con el titular del Ejecutivo federal y los integrantes de su gabinete para que el trabajo se traduzca en mayores beneficios para toda la poblaci\u00f3n.<\/p>\n<p>Los gobernadores expresaron su reconocimiento al plan de adelgazamiento de la burocracia que plantea la pr\u00f3xima administraci\u00f3n, pero apuntaron que ello no debe significar la obstrucci\u00f3n del di\u00e1logo entre los estados y la Federaci\u00f3n. <\/p>\n<p>\u201cEs necesario que diversos funcionarios participen en las labores de coordinaci\u00f3n, pero siempre coadyuvando, nunca sustituyendo a las autoridades democr\u00e1ticamente electas, tampoco enfrent\u00e1ndolas, pues esto puede representar una par\u00e1lisis o desaceleraci\u00f3n de la administraci\u00f3n p\u00fablica federal en los estados\u201d, se indic\u00f3.<\/p>\n<p>Parte de los temas que se abordaron fueron: integraci\u00f3n del presupuesto con enfoque social, priorizando los renglones de educaci\u00f3n, salud y combate a la pobreza; Ley de Seguridad Interior y nuevo Sistema de Justicia Penal.<\/p>\n<p><b>Respaldo a construcci\u00f3n del tren maya<\/b><\/p>\n<p>Por otra parte, el titular del Ejecutivo estatal, Alejandro Moreno C\u00e1rdenas se reuni\u00f3 con Rogelio Jim\u00e9nez Pons, pr\u00f3ximo director del Fondo Nacional de Fomento al Turismo (Fonatur), para respaldar la construcci\u00f3n del Tren Maya que propone el presidente electo, Andr\u00e9s Manuel L\u00f3pez Obrador como uno de los 25 proyectos prioritarios de su gobierno.<\/p>\n<p>Moreno C\u00e1rdenas, acompa\u00f1ado de integrantes de su gabinete en los temas econ\u00f3mico y tur\u00edstico, reconoci\u00f3 que el proyecto generar\u00e1 una mayor integraci\u00f3n regional y aprovechar\u00e1 el gran potencial natural, cultural, hist\u00f3rico y gastron\u00f3mico que existe en toda esta vasta zona del pa\u00eds, lo que detonar\u00eda la actividad econ\u00f3mica y la creaci\u00f3n de m\u00e1s oportunidades de empleo.<\/p>\n<p>Durante la reuni\u00f3n, el mandatario campechano y Jim\u00e9nez Pons revisaron el recorrido que tendr\u00e1 este medio de transporte por diversos sitios de inter\u00e9s tur\u00edstico de los estados de Quintana Roo, Chiapas, Tabasco, Campeche y Yucat\u00e1n, como Playa del Carmen, Palenque, Tenosique, Calakmul y Valladolid.<\/p>\n","protected":false},"excerpt":{"rendered":"<p>Gobierno de Campeche.<\/p>\n","protected":false},"author":1018,"featured_media":0,"comment_status":"open","ping_status":"open","sticky":false,"template":"","format":"standard","meta":{"tdm_status":"","tdm_grid_status":"","footnotes":""},"categories":[27],"tags":[],"_links":{"self":[{"href":"https:\/\/dralvarez.com.mx\/larevista\/wp-json\/wp\/v2\/posts\/68876"}],"collection":[{"href":"https:\/\/dralvarez.com.mx\/larevista\/wp-json\/wp\/v2\/posts"}],"about":[{"href":"https:\/\/dralvarez.com.mx\/larevista\/wp-json\/wp\/v2\/types\/post"}],"author":[{"embeddable":true,"href":"https:\/\/dralvarez.com.mx\/larevista\/wp-json\/wp\/v2\/users\/1018"}],"replies":[{"embeddable":true,"href":"https:\/\/dralvarez.com.mx\/larevista\/wp-json\/wp\/v2\/comments?post=68876"}],"version-history":[{"count":0,"href":"https:\/\/dralvarez.com.mx\/larevista\/wp-json\/wp\/v2\/posts\/68876\/revisions"}],"wp:attachment":[{"href":"https:\/\/dralvarez.com.mx\/larevista\/wp-json\/wp\/v2\/media?parent=68876"}],"wp:term":[{"taxonomy":"category","embeddable":true,"href":"https:\/\/dralvarez.com.mx\/larevista\/wp-json\/wp\/v2\/categories?post=68876"},{"taxonomy":"post_tag","embeddable":true,"href":"https:\/\/dralvarez.com.mx\/larevista\/wp-json\/wp\/v2\/tags?post=68876"}],"curies":[{"name":"wp","href":"https:\/\/api.w.org\/{rel}","templated":true}]}}