{"id":68869,"date":"2018-08-30T00:00:00","date_gmt":"2018-08-30T06:00:00","guid":{"rendered":"https:\/\/dralvarez.com.mx\/larevista\/blog\/destaca-campeche-en-implementacion-de-politicas-educativas-inclusivas-28932"},"modified":"2018-08-30T00:00:00","modified_gmt":"2018-08-30T06:00:00","slug":"destaca-campeche-en-implementacion-de-politicas-educativas-inclusivas-28932","status":"publish","type":"post","link":"https:\/\/dralvarez.com.mx\/larevista\/compeche\/destaca-campeche-en-implementacion-de-politicas-educativas-inclusivas-28932","title":{"rendered":"Destaca Campeche en implementaci\u00f3n de pol\u00edticas educativas inclusivas"},"content":{"rendered":"<\/p>\n<p>Campeche<br \/>\nse encuentra entre los once primeros estados, a nivel nacional que han<br \/>\nimplementado pol\u00edticas educativas que fortalezcan la inclusi\u00f3n en el sector<br \/>\nescolar, promoviendo estrategias de igualdad de oportunidades para todos los<br \/>\nni\u00f1os, ni\u00f1as y j\u00f3venes, enfatiz\u00f3 Tania Gallegos Vega, coordinadora de Educaci\u00f3n<br \/>\nEspecial de la Direcci\u00f3n General de Desarrollo Curricular de la Secretar\u00eda de<br \/>\nEducaci\u00f3n P\u00fablica (SEP).<\/p>\n<p>Al<br \/>\nencabezar, junto con el titular de la Secretar\u00eda de Educaci\u00f3n del Estado de<br \/>\nCampeche (SEDUC), Ricardo Medina Farf\u00e1n, la inauguraci\u00f3n de los di\u00e1logos por<br \/>\nuna educaci\u00f3n libre de violencia y acoso escolar, en el marco de la estrategia<br \/>\n\u201cTr\u00e1nsito de la educaci\u00f3n especial a la educaci\u00f3n inclusiva\u201d, la funcionaria<br \/>\nfederal signific\u00f3 el importante trabajo en el Estado para superar retos en<br \/>\ntorno a los procesos en el \u00e1mbito de inclusi\u00f3n en el rubro educativo.<\/p>\n<p>\u201cNo<br \/>\nes una coincidencia estar aqu\u00ed en Campeche, es muy importante el trabajo que<br \/>\nest\u00e1n haciendo; el a\u00f1o pasado iniciamos este tr\u00e1nsito, lo que han reportado, lo<br \/>\nque han estado haciendo, es lo que venimos a ver hoy; escuchar a los actores<br \/>\nprincipales de este trabajo, directores, docentes, padres de familia y alumnos.<br \/>\nEs importante ver c\u00f3mo aqu\u00ed se pueden dar estas reuniones, estas sinergias<br \/>\npermiten avanzar de manera r\u00e1pida, no es tan f\u00e1cil ver en las entidades esta<br \/>\nuni\u00f3n entre niveles y dependencias, lo que nos permite constatar que est\u00e1n<br \/>\nviendo por las ni\u00f1as, ni\u00f1os y j\u00f3venes de su comunidad y por eso es importante<br \/>\ndemostrarlo\u201d, asegur\u00f3.<\/p>\n<p>Por<br \/>\nsu parte, Medina Farf\u00e1n se\u00f1al\u00f3 que uno de los temas primordiales para el Gobernador<br \/>\nAlejandro Moreno C\u00e1rdenas, y su esposa, Christelle Casta\u00f1\u00f3n de Moreno, es<br \/>\ngenerar una sociedad inclusiva que ofrezca igualdad de oportunidades para<br \/>\ntodos.<\/p>\n<p>En<br \/>\neste sentido, destac\u00f3 que en colaboraci\u00f3n estrecha con el DIF Estatal se ha<br \/>\npermitido avanzar y completar acciones puntuales, dentro de las que destaca<br \/>\ncontar con una sala sensorial p\u00fablica para tratar el autismo, entre otros<br \/>\ntrabajos m\u00e1s que permitan seguir adelante en este sentido.<\/p>\n<p>\u201cSi<br \/>\nqueremos tener una sociedad m\u00e1s inclusiva, abierta, capaz de ver y de reconocer<br \/>\na todos con sus mismas caracter\u00edsticas y capacidades, se tiene que iniciar<br \/>\ndesde el proceso educativo, este es el mejor espacio y el mejor \u00e1mbito para<br \/>\npoderlo lograr; no hay ninguna otra forma para que, como integrantes de una<br \/>\nsola sociedad, podamos hacer a un lado las diferencias y obst\u00e1culos si no lo<br \/>\nhacemos desde una fase inicial que es precisamente la escuela, y yo creo que en<br \/>\nesa parte radica la importancia de este impulso de promover la inclusi\u00f3n<br \/>\neducativa\u201d, enfatiz\u00f3.<\/p>\n<p>Agreg\u00f3<br \/>\nque en la fase inicial del programa se arranc\u00f3 con nueve escuelas,<br \/>\nposteriormente se agregaron seis m\u00e1s para contar con un total de 15 centros<br \/>\nescolares; para este ciclo 2018-2019, la meta es afianzar 31 planteles para que<br \/>\npaulatinamente, con un tr\u00e1nsito m\u00e1s acelerado, y en vista de los buenos<br \/>\nresultados obtenidos, tener la posibilidad de ya no hablar de escuelas<br \/>\nespeciales sino de hablar de escuelas inclusivas, abiertas a todos y con las<br \/>\nmismas oportunidades de desarrollo.<\/p>\n<p>Por<br \/>\nsu parte, Gabriela Tamez Hidalgo, directora de Fortalecimiento Curricular para<br \/>\nla Formaci\u00f3n Personal y Social en la Educaci\u00f3n B\u00e1sica de la Direcci\u00f3n General<br \/>\nde Desarrollo Curricular, inform\u00f3 que la estrategia \u201cTr\u00e1nsito de la educaci\u00f3n<br \/>\nespecial a la educaci\u00f3n inclusiva\u201d se implement\u00f3 en 21 entidades del pa\u00eds,<br \/>\nreconocidas por su trabajo en el \u00e1mbito de la inclusi\u00f3n y sus avances.<\/p>\n<p>Refiri\u00f3<br \/>\nque, dentro del modelo, se tienen las metas de c\u00f3mo hacer que las escuelas<br \/>\ndonde se aplica puedan transitar desde un espacio muy acad\u00e9mico, a espacios m\u00e1s<br \/>\ninclusivos y equitativos; por lo que el objetivo de este encuentro fue conocer<br \/>\ny presentar antes los asistentes, los retos y avances que se presentaron en las<br \/>\nescuelas participantes para as\u00ed, a trav\u00e9s de su experiencia, replicarlo en<br \/>\notras escuelas no s\u00f3lo el estado sino del pa\u00eds.<\/p>\n<p>Cabe<br \/>\nmencionar que en este encuentro se cont\u00f3 con la presencia de Carlos Ren\u00e9 Corral<br \/>\nRobles, director de Pol\u00edticas P\u00fablicas en materia de discapacidad del Consejo<br \/>\nNacional para el Desarrollo de la Inclusi\u00f3n de las Personas con Discapacidad<br \/>\n(CONADIS); as\u00ed como con Sof\u00eda Carucci, del Programa para la Cohesi\u00f3n Social en<br \/>\nAm\u00e9rica Latina (EuroSocial); y Bego\u00f1a Grau, directora del Programa Nacional de<br \/>\nDiscapacidad (PRONADIS).<\/p>\n<p>De<br \/>\nigual  manera estuvo presente el responsable<br \/>\nde la Divisi\u00f3n de Planificaci\u00f3n, Pol\u00edticas Transversales y Participaci\u00f3n del<br \/>\nPRONADIS, Heber Da Cuhna; el secretario General de la Secci\u00f3n IV del SNTE,<br \/>\nMois\u00e9s Mas Cab; el Enlace de la Subsecretar\u00eda de Educaci\u00f3n Media Superior,<br \/>\nFernando Cadena Canto; la directora de Atenci\u00f3n Social y Discapacidad del DIF<br \/>\nEstatal, Magally Medina Farf\u00e1n; la secretaria Ejecutiva del SIPINNA Campeche, Katia<br \/>\nVanessa Blanquet; subsecretarios, jefes de departamento, y directores de<br \/>\nplanteles de Educaci\u00f3n  B\u00e1sica y Media<br \/>\nSuperior.<\/p><\/p>\n","protected":false},"excerpt":{"rendered":"<p>Autoridades federales reconocen acciones de SEDUC durante inauguraci\u00f3n de los di\u00e1logos por una educaci\u00f3n libre de violencia y acoso escolar&#8230;<\/p>\n","protected":false},"author":1018,"featured_media":0,"comment_status":"open","ping_status":"open","sticky":false,"template":"","format":"standard","meta":{"tdm_status":"","tdm_grid_status":"","footnotes":""},"categories":[27],"tags":[],"_links":{"self":[{"href":"https:\/\/dralvarez.com.mx\/larevista\/wp-json\/wp\/v2\/posts\/68869"}],"collection":[{"href":"https:\/\/dralvarez.com.mx\/larevista\/wp-json\/wp\/v2\/posts"}],"about":[{"href":"https:\/\/dralvarez.com.mx\/larevista\/wp-json\/wp\/v2\/types\/post"}],"author":[{"embeddable":true,"href":"https:\/\/dralvarez.com.mx\/larevista\/wp-json\/wp\/v2\/users\/1018"}],"replies":[{"embeddable":true,"href":"https:\/\/dralvarez.com.mx\/larevista\/wp-json\/wp\/v2\/comments?post=68869"}],"version-history":[{"count":0,"href":"https:\/\/dralvarez.com.mx\/larevista\/wp-json\/wp\/v2\/posts\/68869\/revisions"}],"wp:attachment":[{"href":"https:\/\/dralvarez.com.mx\/larevista\/wp-json\/wp\/v2\/media?parent=68869"}],"wp:term":[{"taxonomy":"category","embeddable":true,"href":"https:\/\/dralvarez.com.mx\/larevista\/wp-json\/wp\/v2\/categories?post=68869"},{"taxonomy":"post_tag","embeddable":true,"href":"https:\/\/dralvarez.com.mx\/larevista\/wp-json\/wp\/v2\/tags?post=68869"}],"curies":[{"name":"wp","href":"https:\/\/api.w.org\/{rel}","templated":true}]}}