{"id":68868,"date":"2018-08-30T00:00:00","date_gmt":"2018-08-30T06:00:00","guid":{"rendered":"https:\/\/dralvarez.com.mx\/larevista\/blog\/indemipyme-recorre-empresas-de-escarcega-y-las-capacita-para-promoverse-en-redes-sociales-28931"},"modified":"2018-08-30T00:00:00","modified_gmt":"2018-08-30T06:00:00","slug":"indemipyme-recorre-empresas-de-escarcega-y-las-capacita-para-promoverse-en-redes-sociales-28931","status":"publish","type":"post","link":"https:\/\/dralvarez.com.mx\/larevista\/compeche\/indemipyme-recorre-empresas-de-escarcega-y-las-capacita-para-promoverse-en-redes-sociales-28931","title":{"rendered":"INDEMIPYME recorre empresas de Esc\u00e1rcega y las capacita para promoverse en redes sociales"},"content":{"rendered":"<\/p>\n<p>Con<br \/>\nel objetivo de fortalecer su actividad, incrementar sus ventas y asegurar su<br \/>\npermanencia en el mercado, personal del Instituto para el Desarrollo de la<br \/>\nMicro, Peque\u00f1a y Mediana Empresa recorri\u00f3 221 empresas de Esc\u00e1rcega, que adem\u00e1s<br \/>\nse registraron para acceder a los servicios que ofrece este organismo.<\/p>\n<p>El<br \/>\ntitular del INDEMIPYME, Abraham Azar Lemus, detall\u00f3 que para cumplir con estas<br \/>\nmetas los empresarios y fortalecer sus actividades comerciales los empresarios<br \/>\ncuentan con los diferentes programas y \u00f3rganos que conforman la Secretar\u00eda de<br \/>\nDesarrollo Econ\u00f3mico (SEDECO).<\/p>\n<p>-Trabajamos<br \/>\ntodos los d\u00edas de manera cercana a los empresarios y en esta ocasi\u00f3n Esc\u00e1rcega<br \/>\nse convierte en un punto importante donde se busca estrat\u00e9gicamente la<br \/>\ncapacitaci\u00f3n de los empresarios para el mejoramiento de sus negocios -abund\u00f3.<\/p>\n<p>Azar<br \/>\nLemus destac\u00f3 la presencia de representantes del INDEMIPYME en Esc\u00e1rcega,<br \/>\nquienes en conjunto presentaron a cada empresario los servicios de la SEDECO,<br \/>\nadem\u00e1s de inscribirlos a Consume Campeche para contar con su participaci\u00f3n en<br \/>\nfuturas ferias, cursos, y talleres, entre otros.<\/p>\n<p>Durante<br \/>\nesta gira tambi\u00e9n se llev\u00f3 a cabo el curso \u201cVentas en Redes Sociales<br \/>\n(Facebook)\u201d, que cont\u00f3 con la participaci\u00f3n de 31 empresarios a quienes se les<br \/>\npresentaron las herramientas actuales de Marketing y Social Media, para que<br \/>\nconozcan alternatiavas que les permitan cubrir mejor sus mercados y contar con<br \/>\ndiferentes alternativas de soluciones competitivas que les lleven al \u00e9xito a<br \/>\ntrav\u00e9s del Marketing Digital.<\/p><\/p>\n","protected":false},"excerpt":{"rendered":"<p>El titular del INDEMIPYME, Abraham Azar Lemus, detall\u00f3 que para cumplir con estas metas los empresarios y fortalecer sus actividades comerciales&#8230;<\/p>\n","protected":false},"author":1018,"featured_media":0,"comment_status":"open","ping_status":"open","sticky":false,"template":"","format":"standard","meta":{"tdm_status":"","tdm_grid_status":"","footnotes":""},"categories":[27],"tags":[],"_links":{"self":[{"href":"https:\/\/dralvarez.com.mx\/larevista\/wp-json\/wp\/v2\/posts\/68868"}],"collection":[{"href":"https:\/\/dralvarez.com.mx\/larevista\/wp-json\/wp\/v2\/posts"}],"about":[{"href":"https:\/\/dralvarez.com.mx\/larevista\/wp-json\/wp\/v2\/types\/post"}],"author":[{"embeddable":true,"href":"https:\/\/dralvarez.com.mx\/larevista\/wp-json\/wp\/v2\/users\/1018"}],"replies":[{"embeddable":true,"href":"https:\/\/dralvarez.com.mx\/larevista\/wp-json\/wp\/v2\/comments?post=68868"}],"version-history":[{"count":0,"href":"https:\/\/dralvarez.com.mx\/larevista\/wp-json\/wp\/v2\/posts\/68868\/revisions"}],"wp:attachment":[{"href":"https:\/\/dralvarez.com.mx\/larevista\/wp-json\/wp\/v2\/media?parent=68868"}],"wp:term":[{"taxonomy":"category","embeddable":true,"href":"https:\/\/dralvarez.com.mx\/larevista\/wp-json\/wp\/v2\/categories?post=68868"},{"taxonomy":"post_tag","embeddable":true,"href":"https:\/\/dralvarez.com.mx\/larevista\/wp-json\/wp\/v2\/tags?post=68868"}],"curies":[{"name":"wp","href":"https:\/\/api.w.org\/{rel}","templated":true}]}}