{"id":68849,"date":"2018-08-30T00:00:00","date_gmt":"2018-08-30T06:00:00","guid":{"rendered":"https:\/\/dralvarez.com.mx\/larevista\/blog\/junta-directiva-del-itsh-presenta-informe-de-actividades-de-abril-a-junio-de-2018-28911"},"modified":"2018-08-30T00:00:00","modified_gmt":"2018-08-30T06:00:00","slug":"junta-directiva-del-itsh-presenta-informe-de-actividades-de-abril-a-junio-de-2018-28911","status":"publish","type":"post","link":"https:\/\/dralvarez.com.mx\/larevista\/compeche\/junta-directiva-del-itsh-presenta-informe-de-actividades-de-abril-a-junio-de-2018-28911","title":{"rendered":"Junta directiva del itsh presenta informe de actividades de abril a junio de 2018"},"content":{"rendered":"<p>El titular de la Secretar\u00eda de Educaci\u00f3n de Campeche (SEDUC), Ricardo Medina Farf\u00e1n, encabez\u00f3 la Tercera sesi\u00f3n ordinaria 2018 de la Junta Directiva del Instituto Tecnol\u00f3gico Superior de Hopelch\u00e9n (ITSH), en la cual se present\u00f3 el informe de actividades correspondientes al trimestre de abril a junio del a\u00f1o en curso; as\u00ed como los avances de acuerdos tomados en sesiones anteriores.<\/p>\n<p>Medina Farf\u00e1n destac\u00f3 la relevancia que tiene esta instituci\u00f3n educativa ya que, a trav\u00e9s de sus programas de estudio, impacta positivamente para la formaci\u00f3n de recursos humanos que, dijo, en un mediano plazo consolidar\u00e1n el desarrollo de Hopelch\u00e9n y del Estado, principalmente en el sector agrario.<\/p>\n<p>En esta reuni\u00f3n, se cont\u00f3 con la presencia de Manuel Ch\u00e1vez S\u00e1enz, director de Institutos Descentralizados del Gobierno Federal, quien felicit\u00f3 a la instituci\u00f3n por su adecuada gesti\u00f3n, adem\u00e1s de las acciones encaminadas para mejorar la formaci\u00f3n de los j\u00f3venes de esta zona del Estado y los instrumentos que permiten la correcta rendici\u00f3n de cuentas, al establecer espacios como esta junta de gobierno, para la revisi\u00f3n de sus actividades. <\/p>\n<p>Por su parte, el director del ITSH, Hiram Aranda Calder\u00f3n, se\u00f1al\u00f3 que dentro de las actividades relevantes que la instituci\u00f3n realiz\u00f3 en el trimestre que se inform\u00f3, se encuentra la participaci\u00f3n de alumnos en el Congreso Academia Journals 2018 que se realiz\u00f3 en Morelia, Michoacan; ejercicios de control biol\u00f3gico; exposiciones de j\u00f3venes referentes a sus residencias.<\/p>\n<p>Tambi\u00e9n destac\u00f3 la realizaci\u00f3n del taller &#8220;Aprendiendo a  emprender&#8221;; as\u00ed como entrega de uniformes a ganadores de la Convocatoria de Alto Rendimiento Canad\u00e1 para su estancia en la Universidad de Toronto, Canad\u00e1, durante un mes.<\/p>\n","protected":false},"excerpt":{"rendered":"<p>El titular de la Secretar\u00eda de Educaci\u00f3n de Campeche (SEDUC), Ricardo Medina Farf\u00e1n, encabez\u00f3 la Tercera sesi\u00f3n ordinaria 2018 &#8230;<\/p>\n","protected":false},"author":1018,"featured_media":0,"comment_status":"open","ping_status":"open","sticky":false,"template":"","format":"standard","meta":{"tdm_status":"","tdm_grid_status":"","footnotes":""},"categories":[27],"tags":[],"_links":{"self":[{"href":"https:\/\/dralvarez.com.mx\/larevista\/wp-json\/wp\/v2\/posts\/68849"}],"collection":[{"href":"https:\/\/dralvarez.com.mx\/larevista\/wp-json\/wp\/v2\/posts"}],"about":[{"href":"https:\/\/dralvarez.com.mx\/larevista\/wp-json\/wp\/v2\/types\/post"}],"author":[{"embeddable":true,"href":"https:\/\/dralvarez.com.mx\/larevista\/wp-json\/wp\/v2\/users\/1018"}],"replies":[{"embeddable":true,"href":"https:\/\/dralvarez.com.mx\/larevista\/wp-json\/wp\/v2\/comments?post=68849"}],"version-history":[{"count":0,"href":"https:\/\/dralvarez.com.mx\/larevista\/wp-json\/wp\/v2\/posts\/68849\/revisions"}],"wp:attachment":[{"href":"https:\/\/dralvarez.com.mx\/larevista\/wp-json\/wp\/v2\/media?parent=68849"}],"wp:term":[{"taxonomy":"category","embeddable":true,"href":"https:\/\/dralvarez.com.mx\/larevista\/wp-json\/wp\/v2\/categories?post=68849"},{"taxonomy":"post_tag","embeddable":true,"href":"https:\/\/dralvarez.com.mx\/larevista\/wp-json\/wp\/v2\/tags?post=68849"}],"curies":[{"name":"wp","href":"https:\/\/api.w.org\/{rel}","templated":true}]}}