{"id":68822,"date":"2018-08-29T00:00:00","date_gmt":"2018-08-29T06:00:00","guid":{"rendered":"https:\/\/dralvarez.com.mx\/larevista\/blog\/dif-estatal-invita-a-la-platica-informativa-sobre-el-programa-de-acogimiento-familiar-28884"},"modified":"2018-08-29T00:00:00","modified_gmt":"2018-08-29T06:00:00","slug":"dif-estatal-invita-a-la-platica-informativa-sobre-el-programa-de-acogimiento-familiar-28884","status":"publish","type":"post","link":"https:\/\/dralvarez.com.mx\/larevista\/compeche\/dif-estatal-invita-a-la-platica-informativa-sobre-el-programa-de-acogimiento-familiar-28884","title":{"rendered":"DIF estatal invita a la pl\u00e1tica informativa sobre el programa de acogimiento familiar"},"content":{"rendered":"<\/p>\n<p>El Sistema Estatal para el Desarrollo Integral<br \/>\nde la Familia (DIF), a trav\u00e9s de la Procuradur\u00eda de Protecci\u00f3n de Ni\u00f1as, Ni\u00f1os<br \/>\ny Adolescentes (PPNNA) y el Centro de Atenci\u00f3n Psicosocial a Ni\u00f1as, Ni\u00f1os y<br \/>\nAdolescentes (CAPANNA), invita al p\u00fablico en general para que asista a la<br \/>\npl\u00e1tica informativa sobre el Programa de Acogimiento Familiar, este 11 de<br \/>\nseptiembre a las 17:00 horas, en las instalaciones del CAPANNA. La entrada es gratuita.<\/p>\n<p>La pl\u00e1tica ser\u00e1 impartida por el equipo<br \/>\nmultidisciplinario anteponiendo los derechos de la ni\u00f1ez, siempre tomando en<br \/>\ncuenta que toda ni\u00f1a, ni\u00f1o y adolescente tiene derecho a crecer en familia,<br \/>\ndebido a que hay unas que en este momento no pueden cuidarlos, por ello pueden<br \/>\nser acogidos por otras y darles una oportunidad de mejorar su calidad de vida. Para<br \/>\nmayores informes, los interesados pueden acudir al CAPANNA, ubicada en la avenida<br \/>\nAdolfo L\u00f3pez Mateos #229-A, Colonia Montecristo, o llamar al tel\u00e9fono 981 81<br \/>\n157 38.<\/p>\n<p><\/p>\n","protected":false},"excerpt":{"rendered":"<p>Invita al p\u00fablico en general para que asista a la pl\u00e1tica informativa sobre el Programa de Acogimiento Familiar&#8230;<\/p>\n","protected":false},"author":1018,"featured_media":0,"comment_status":"open","ping_status":"open","sticky":false,"template":"","format":"standard","meta":{"tdm_status":"","tdm_grid_status":"","footnotes":""},"categories":[27],"tags":[],"_links":{"self":[{"href":"https:\/\/dralvarez.com.mx\/larevista\/wp-json\/wp\/v2\/posts\/68822"}],"collection":[{"href":"https:\/\/dralvarez.com.mx\/larevista\/wp-json\/wp\/v2\/posts"}],"about":[{"href":"https:\/\/dralvarez.com.mx\/larevista\/wp-json\/wp\/v2\/types\/post"}],"author":[{"embeddable":true,"href":"https:\/\/dralvarez.com.mx\/larevista\/wp-json\/wp\/v2\/users\/1018"}],"replies":[{"embeddable":true,"href":"https:\/\/dralvarez.com.mx\/larevista\/wp-json\/wp\/v2\/comments?post=68822"}],"version-history":[{"count":0,"href":"https:\/\/dralvarez.com.mx\/larevista\/wp-json\/wp\/v2\/posts\/68822\/revisions"}],"wp:attachment":[{"href":"https:\/\/dralvarez.com.mx\/larevista\/wp-json\/wp\/v2\/media?parent=68822"}],"wp:term":[{"taxonomy":"category","embeddable":true,"href":"https:\/\/dralvarez.com.mx\/larevista\/wp-json\/wp\/v2\/categories?post=68822"},{"taxonomy":"post_tag","embeddable":true,"href":"https:\/\/dralvarez.com.mx\/larevista\/wp-json\/wp\/v2\/tags?post=68822"}],"curies":[{"name":"wp","href":"https:\/\/api.w.org\/{rel}","templated":true}]}}