{"id":68814,"date":"2018-08-29T00:00:00","date_gmt":"2018-08-29T06:00:00","guid":{"rendered":"https:\/\/dralvarez.com.mx\/larevista\/blog\/icatcam-prepara-manos-creativas-2018-28874"},"modified":"2018-08-29T00:00:00","modified_gmt":"2018-08-29T06:00:00","slug":"icatcam-prepara-manos-creativas-2018-28874","status":"publish","type":"post","link":"https:\/\/dralvarez.com.mx\/larevista\/compeche\/icatcam-prepara-manos-creativas-2018-28874","title":{"rendered":"ICATCAM prepara manos creativas 2018"},"content":{"rendered":"<p>El Instituto de Capacitaci\u00f3n para el Trabajo del Estado de Campeche (ICATCAM), a trav\u00e9s del programa Manos Creativas, impulsa la capacitaci\u00f3n, actualizaci\u00f3n, promueve el autoempleo y creaci\u00f3n de nuevas microempresas entre la ciudadan\u00eda para fortalecer la econom\u00eda del Estado, es por ello que la edici\u00f3n 2018 se llevar\u00e1 a cabo del 21 al 23 de septiembre en el Centro Internacional de Convenciones y Exposiciones \u201cCampeche XXI\u201d.<\/p>\n<p>El director general del ICATCAM, Carlos Eduardo Ortiz Pi\u00f1era, dijo que la exposici\u00f3n tiene entre sus objetivos promover la capacitaci\u00f3n entre la poblaci\u00f3n campechana, fomentar el crecimiento del comercio local a trav\u00e9s de la promoci\u00f3n de sus productos, as\u00ed como establecer v\u00ednculos con empresas locales y provenientes de otras entidades e iniciar relaciones de capacitaci\u00f3n para el trabajo.<\/p>\n<p>La Expo Manos Creativas 2018 contar\u00e1 con la participaci\u00f3n de 156 expositores de empresas campechanas y de otros estados, que ofrecer\u00e1n productos y servicios diversos; asimismo, se impartir\u00e1n talleres de belleza y gastronom\u00eda, manualidades, artesan\u00edas, cuidado personal, clases de ingl\u00e9s, entre otros, para que las personas aprendan nuevas t\u00e9cnicas en sus campos de formaci\u00f3n laboral, fomentar el autoempleo y un ingreso propio.<\/p>\n<p>A su vez, el ICATCAM participar\u00e1 con sus seis planteles y cinco acciones m\u00f3viles, la Entidad de Certificaci\u00f3n y Evaluaci\u00f3n, la Coordinaci\u00f3n de Ingl\u00e9s, y los 10 Centros de Desarrollo y Capacitaci\u00f3n (CEDECA) del Sistema Estatal para el Desarrollo Integral de la Familia (DIF), y se tendr\u00e1 la presencia de aproximadamente diez ICAT de otros Estados, como Zacatecas, Puebla, Oaxaca, Quintana Roo, Yucat\u00e1n, Chiapas y Coahuila.<\/p>\n<p>Ortiz Pi\u00f1era inform\u00f3 que la entrada es gratuita y exhort\u00f3 a la ciudadan\u00eda para que asista a este gran escaparate de capacitaci\u00f3n que se oferta por el transcurso de tres d\u00edas, y que contar\u00e1 con el \u00e1rea \u201cIcatkids\u201d para comodidad de los padres de familia, espacios de comida, salones equipados para las clases de ingl\u00e9s, los talleres, entre otras novedades.<\/p>\n","protected":false},"excerpt":{"rendered":"<p>La Expo Manos Creativas 2018 contar\u00e1 con la participaci\u00f3n de 156 expositores de empresas campechanas y de otros estados<\/p>\n","protected":false},"author":1018,"featured_media":0,"comment_status":"open","ping_status":"open","sticky":false,"template":"","format":"standard","meta":{"tdm_status":"","tdm_grid_status":"","footnotes":""},"categories":[27],"tags":[],"_links":{"self":[{"href":"https:\/\/dralvarez.com.mx\/larevista\/wp-json\/wp\/v2\/posts\/68814"}],"collection":[{"href":"https:\/\/dralvarez.com.mx\/larevista\/wp-json\/wp\/v2\/posts"}],"about":[{"href":"https:\/\/dralvarez.com.mx\/larevista\/wp-json\/wp\/v2\/types\/post"}],"author":[{"embeddable":true,"href":"https:\/\/dralvarez.com.mx\/larevista\/wp-json\/wp\/v2\/users\/1018"}],"replies":[{"embeddable":true,"href":"https:\/\/dralvarez.com.mx\/larevista\/wp-json\/wp\/v2\/comments?post=68814"}],"version-history":[{"count":0,"href":"https:\/\/dralvarez.com.mx\/larevista\/wp-json\/wp\/v2\/posts\/68814\/revisions"}],"wp:attachment":[{"href":"https:\/\/dralvarez.com.mx\/larevista\/wp-json\/wp\/v2\/media?parent=68814"}],"wp:term":[{"taxonomy":"category","embeddable":true,"href":"https:\/\/dralvarez.com.mx\/larevista\/wp-json\/wp\/v2\/categories?post=68814"},{"taxonomy":"post_tag","embeddable":true,"href":"https:\/\/dralvarez.com.mx\/larevista\/wp-json\/wp\/v2\/tags?post=68814"}],"curies":[{"name":"wp","href":"https:\/\/api.w.org\/{rel}","templated":true}]}}