{"id":68799,"date":"2018-08-29T00:00:00","date_gmt":"2018-08-29T06:00:00","guid":{"rendered":"https:\/\/dralvarez.com.mx\/larevista\/blog\/finaliza-entrega-de-paquetes-de-utiles-escolares-en-escuelas-primarias-urbanas-28858"},"modified":"2018-08-29T00:00:00","modified_gmt":"2018-08-29T06:00:00","slug":"finaliza-entrega-de-paquetes-de-utiles-escolares-en-escuelas-primarias-urbanas-28858","status":"publish","type":"post","link":"https:\/\/dralvarez.com.mx\/larevista\/compeche\/finaliza-entrega-de-paquetes-de-utiles-escolares-en-escuelas-primarias-urbanas-28858","title":{"rendered":"Finaliza entrega de paquetes de \u00fatiles escolares en escuelas primarias urbanas"},"content":{"rendered":"<p>El Gobierno del Estado de Campeche, a trav\u00e9s de la Secretar\u00eda de Desarrollo Social y Humano (SEDESYH), finaliz\u00f3 la entrega de paquetes de \u00fatiles escolares en 212 primarias urbanas de las 11 cabeceras municipales, que benefician a cerca de 53 mil ni\u00f1os y ni\u00f1as con una inversi\u00f3n de 14.7 millones de pesos, como parte del programa APRENDE, en su componente Crecimiento Educativo, vertiente \u00datiles Escolares para Aprender.<\/p>\n<p>El encargado del despacho de la SEDESYH, Luis Jorge Medina Minet, explic\u00f3 que la dependencia a su cargo trabaj\u00f3 de manera conjunta con la Secretar\u00eda de Educaci\u00f3n (SEDUC), para que en la primera semana del nuevo ciclo escolar 2018-2019, las escuelas contaran con los paquetes de \u00fatiles escolares y fueran entregados a los alumnos.<\/p>\n<p>Se\u00f1al\u00f3 que con este programa se reafirma el compromiso con la educaci\u00f3n de los ni\u00f1os y ni\u00f1as campechanos, realizando acciones que les permitan tener acceso a su formaci\u00f3n acad\u00e9mica y se respalda la econom\u00eda familiar para que no se vea afectada en la compra de \u00fatiles escolares.<\/p>\n<p>\u201cSon apoyos con los que queremos contribuir a la permanencia escolar de los alumnos inscritos en primarias p\u00fablicas urbanas del estado, pues de esta manera evitamos que los art\u00edculos escolares se conviertan en una pesada carga para el gasto familiar\u201d, expres\u00f3 Medina Minet.<\/p>\n<p>Adem\u00e1s, dijo que a trav\u00e9s del programa APRENDE se apoya a los ni\u00f1os y ni\u00f1as de hoy, con la seguridad de que ma\u00f1ana, ya como adultos mayores, sean determinantes para el crecimiento permanente de Campeche.<\/p>\n<p>Cabe se\u00f1alar que fueron dos tipos de paquetes escolares los que se otorgaron, el paquete A para ni\u00f1os de 1\u00b0 y 2\u00b0 grado, y el paquete B para alumnos de 3\u00b0, 4\u00b0, 5\u00b0 y 6\u00b0 grado; asimismo, \u00e9stos se apegan a la lista de materiales que emite la Secretar\u00eda de Educaci\u00f3n P\u00fablica (SEP) y cumple con los est\u00e1ndares de calidad y normas oficiales.<\/p>\n","protected":false},"excerpt":{"rendered":"<p>El Gobierno del Estado de Campeche, a trav\u00e9s de la Secretar\u00eda de Desarrollo Social y Humano (SEDESYH), finaliz\u00f3 la entrega de paquetes de \u00fatiles escol<\/p>\n","protected":false},"author":1018,"featured_media":0,"comment_status":"open","ping_status":"open","sticky":false,"template":"","format":"standard","meta":{"tdm_status":"","tdm_grid_status":"","footnotes":""},"categories":[27],"tags":[],"_links":{"self":[{"href":"https:\/\/dralvarez.com.mx\/larevista\/wp-json\/wp\/v2\/posts\/68799"}],"collection":[{"href":"https:\/\/dralvarez.com.mx\/larevista\/wp-json\/wp\/v2\/posts"}],"about":[{"href":"https:\/\/dralvarez.com.mx\/larevista\/wp-json\/wp\/v2\/types\/post"}],"author":[{"embeddable":true,"href":"https:\/\/dralvarez.com.mx\/larevista\/wp-json\/wp\/v2\/users\/1018"}],"replies":[{"embeddable":true,"href":"https:\/\/dralvarez.com.mx\/larevista\/wp-json\/wp\/v2\/comments?post=68799"}],"version-history":[{"count":0,"href":"https:\/\/dralvarez.com.mx\/larevista\/wp-json\/wp\/v2\/posts\/68799\/revisions"}],"wp:attachment":[{"href":"https:\/\/dralvarez.com.mx\/larevista\/wp-json\/wp\/v2\/media?parent=68799"}],"wp:term":[{"taxonomy":"category","embeddable":true,"href":"https:\/\/dralvarez.com.mx\/larevista\/wp-json\/wp\/v2\/categories?post=68799"},{"taxonomy":"post_tag","embeddable":true,"href":"https:\/\/dralvarez.com.mx\/larevista\/wp-json\/wp\/v2\/tags?post=68799"}],"curies":[{"name":"wp","href":"https:\/\/api.w.org\/{rel}","templated":true}]}}