{"id":68797,"date":"2018-08-29T00:00:00","date_gmt":"2018-08-29T06:00:00","guid":{"rendered":"https:\/\/dralvarez.com.mx\/larevista\/blog\/directoras-comprometidas-con-el-liderazgo-educativo-representaran-a-campeche-en-congreso-nacional-28856"},"modified":"2018-08-29T00:00:00","modified_gmt":"2018-08-29T06:00:00","slug":"directoras-comprometidas-con-el-liderazgo-educativo-representaran-a-campeche-en-congreso-nacional-28856","status":"publish","type":"post","link":"https:\/\/dralvarez.com.mx\/larevista\/compeche\/directoras-comprometidas-con-el-liderazgo-educativo-representaran-a-campeche-en-congreso-nacional-28856","title":{"rendered":"Directoras comprometidas con el liderazgo educativo representar\u00e1n a Campeche en congreso nacional"},"content":{"rendered":"<p>El compromiso del sector magisterial de Campeche contin\u00faa dando frutos, afirm\u00f3 la encargada de Educaci\u00f3n Preescolar de la Secretar\u00eda de Educaci\u00f3n de Campeche (SEDUC), Mar\u00eda Elvia Castro Salas, tras revelar que siete directoras campechanas de Educaci\u00f3n Preescolar fueron seleccionadas para representar al Estado en un campamento Nacional de la Fundaci\u00f3n Banorte, para fortalecer su labor de liderazgo.<\/p>\n<p>Esta actividad que se desarrollar\u00e1 del 22 al 24 de septiembre en la Ciudad de M\u00e9xico, es el resultado de haber participado en la convocatoria \u201cTransforma tu Escuela\u201d, emitida por el grupo financiero y que ten\u00eda como fin la elaboraci\u00f3n de proyectos para mejorar las pr\u00e1cticas educativas en los centros escolares.<\/p>\n<p>De esta forma, se\u00f1al\u00f3, en el caso espec\u00edfico de Campeche se enviaron cerca de 22 proyectos de directoras campechanas; y a nivel nacional se seleccionaron 15 finalistas, de los cuales resultaron seleccionadas siete proyectos de directoras de Campeche, quienes participar\u00e1n en el campamento \u201cAceleradora de pr\u00e1cticas de liderazgo\u201d, con todos los gastos pagados por la Fundaci\u00f3n Banorte, mismo que contar\u00e1 con expertos en temas del desarrollo de la primera infancia y el liderazgo escolar.<\/p>\n<p>\u201cPara nosotros es un orgullo ver estos resultados, porque denota que se est\u00e1 teniendo una importante respuesta por parte del magisterio, y que, de 15 finalistas, casi la mitad sean directoras de nuestro Estado, es muy satisfactorio; habla del compromiso del sector magisterial, de la responsabilidad de nuestras directoras, pero sobre todo de su inter\u00e9s por fortalecer su labor en los planteles, y todo es gracias a la reforma educativa que permite este proceso de capacitaci\u00f3n y mejorar las pr\u00e1cticas de ense\u00f1anza en beneficio de las ni\u00f1as y ni\u00f1os de Campeche\u201d, dijo.<\/p>\n<p>Cabe mencionar que las directoras seleccionadas son: Carla Jocabeht V\u00e1squez Lobato, del municipio de Carmen; Denysse Guadalupe Estrada Valle, Geidy Leonor Koh Rodr\u00edguez, Karla Atenea Arias Maldonado, y Marina del Carmen Bojorquez, de Campeche; Sandra Lisbeth Canche Molina, de Calkin\u00ed; y Lorena Elizelly Ferraez Ram\u00edrez, de Champot\u00f3n.<\/p>\n<p>Es importante se\u00f1alar que todas las directoras ganadoras fueron participes por m\u00e1s de dos a\u00f1os del Diplomado para L\u00edderes Educativos (DILET), implementado por la Fundaci\u00f3n Banorte en colaboraci\u00f3n con la SEDUC a directores y supervisores del Estado<\/p>\n","protected":false},"excerpt":{"rendered":"<p>Resultaron ganadoras del concurso \u201cTransforma tu Escuela\u201d emitido por Fundaci\u00f3n Banorte&#8230;<\/p>\n","protected":false},"author":1018,"featured_media":0,"comment_status":"open","ping_status":"open","sticky":false,"template":"","format":"standard","meta":{"tdm_status":"","tdm_grid_status":"","footnotes":""},"categories":[27],"tags":[],"_links":{"self":[{"href":"https:\/\/dralvarez.com.mx\/larevista\/wp-json\/wp\/v2\/posts\/68797"}],"collection":[{"href":"https:\/\/dralvarez.com.mx\/larevista\/wp-json\/wp\/v2\/posts"}],"about":[{"href":"https:\/\/dralvarez.com.mx\/larevista\/wp-json\/wp\/v2\/types\/post"}],"author":[{"embeddable":true,"href":"https:\/\/dralvarez.com.mx\/larevista\/wp-json\/wp\/v2\/users\/1018"}],"replies":[{"embeddable":true,"href":"https:\/\/dralvarez.com.mx\/larevista\/wp-json\/wp\/v2\/comments?post=68797"}],"version-history":[{"count":0,"href":"https:\/\/dralvarez.com.mx\/larevista\/wp-json\/wp\/v2\/posts\/68797\/revisions"}],"wp:attachment":[{"href":"https:\/\/dralvarez.com.mx\/larevista\/wp-json\/wp\/v2\/media?parent=68797"}],"wp:term":[{"taxonomy":"category","embeddable":true,"href":"https:\/\/dralvarez.com.mx\/larevista\/wp-json\/wp\/v2\/categories?post=68797"},{"taxonomy":"post_tag","embeddable":true,"href":"https:\/\/dralvarez.com.mx\/larevista\/wp-json\/wp\/v2\/tags?post=68797"}],"curies":[{"name":"wp","href":"https:\/\/api.w.org\/{rel}","templated":true}]}}