{"id":68787,"date":"2018-08-28T00:00:00","date_gmt":"2018-08-28T06:00:00","guid":{"rendered":"https:\/\/dralvarez.com.mx\/larevista\/blog\/realizan-segunda-feria-nacional-de-empleo-para-jovenes-28845"},"modified":"2018-08-28T00:00:00","modified_gmt":"2018-08-28T06:00:00","slug":"realizan-segunda-feria-nacional-de-empleo-para-jovenes-28845","status":"publish","type":"post","link":"https:\/\/dralvarez.com.mx\/larevista\/compeche\/realizan-segunda-feria-nacional-de-empleo-para-jovenes-28845","title":{"rendered":"Realizan segunda feria nacional de empleo para j\u00f3venes"},"content":{"rendered":"<\/p>\n<p>En el marco del D\u00eda Mundial de la Juventud, la Secretar\u00eda de Trabajo y Previsi\u00f3n Social del Estado de Campeche (STPSCAM), en coordinaci\u00f3n con el Servicio Nacional de Empleo (SNE) Campeche, llev\u00f3 a cabo la Segunda Feria Nacional de Empleo para J\u00f3venes, en el Centro de Convenciones Carmen XXI, donde se cont\u00f3 con la participaci\u00f3n de m\u00e1s de mil buscadores de empleo y 36 empresas que ofertaron cerca de 600 vacantes para distintos niveles de escolaridad.<\/p>\n<p>Al inaugurar el evento, el titular de la STPSCAM, Jorge Radam\u00e9s Romero Bock, destac\u00f3 la importancia de llevar a cabo este tipo de eventos en beneficio de los j\u00f3venes carmelitas, al entregar constancias de participaci\u00f3n a las empresas que contrataron personal durante el evento.<\/p>\n<p>En esta Feria se ofertaron vacantes con sueldos desde los cuatro hasta 40 mil pesos; resaltaron aquellas plazas con requisito de experiencia m\u00ednima para quienes desean una oportunidad de un primer empleo, perfiles que demanda el sector productivo juvenil como horarios flexibles y condiciones de trabajo acordes a los par\u00e1metros de formalidad que indica la ley.<\/p>\n<p>Entre los puestos de nivel profesional que se ofertaron estuvieron: Gerencia de impuestos corporativos, Gerencia general y comercial, Coordinador de Recursos Humanos, Ingeniero Geof\u00edsico, Ge\u00f3logo, Geociencias, Analista de calidad, entre otros.<\/p>\n<p>Participaron empresas de los sectores comercial y de servicios mar\u00edtimos, como Oceanering Geomar, Famsa, Gas Peninsular de Campeche, Cadena comercial OXXO, Corporativo Industrial y Comercial, Sodexo Servicios de personal, Chedraui, entre otras.<\/p>\n<p>Este evento tuvo el objetivo de atender a este sector vulnerable de la poblaci\u00f3n, una prioridad para la STPSCAM, por factores como el d\u00e9ficit de desempleo, la informalidad y la falta de experiencia, lo que a veces impide su pronta inserci\u00f3n en el mercado laboral mexicano.<\/p>\n<p>Las Ferias de Empleo son un medio de vinculaci\u00f3n laboral gratuito, directo y \u00e1gil, que se ofrece trav\u00e9s del SNE Campeche, labor que permite la colocaci\u00f3n en un puesto de trabajo formal a la poblaci\u00f3n, en este caso a los j\u00f3venes, as\u00ed como la interacci\u00f3n entre buscadores de empleo y representantes de empresas de diferentes sectores que requieren personal.<\/p>\n<p>Estuvieron presentes Sergio Ayala Fern\u00e1ndez, presidente del Consejo Coordinador Empresarial del Carmen (CCEC); Carlos Arjona Pacheco, subsecretario de Gobierno en Carmen, y Pedro S\u00e1nchez Guerrero, director del SNE Campeche<\/p><\/p>\n","protected":false},"excerpt":{"rendered":"<p>El titular de la STPSCAM, Jorge Radam\u00e9s Romero Bock, destac\u00f3 la importancia de llevar a cabo este tipo de eventos en beneficio de los j\u00f3venes carmelit<\/p>\n","protected":false},"author":1018,"featured_media":0,"comment_status":"open","ping_status":"open","sticky":false,"template":"","format":"standard","meta":{"tdm_status":"","tdm_grid_status":"","footnotes":""},"categories":[27],"tags":[],"_links":{"self":[{"href":"https:\/\/dralvarez.com.mx\/larevista\/wp-json\/wp\/v2\/posts\/68787"}],"collection":[{"href":"https:\/\/dralvarez.com.mx\/larevista\/wp-json\/wp\/v2\/posts"}],"about":[{"href":"https:\/\/dralvarez.com.mx\/larevista\/wp-json\/wp\/v2\/types\/post"}],"author":[{"embeddable":true,"href":"https:\/\/dralvarez.com.mx\/larevista\/wp-json\/wp\/v2\/users\/1018"}],"replies":[{"embeddable":true,"href":"https:\/\/dralvarez.com.mx\/larevista\/wp-json\/wp\/v2\/comments?post=68787"}],"version-history":[{"count":0,"href":"https:\/\/dralvarez.com.mx\/larevista\/wp-json\/wp\/v2\/posts\/68787\/revisions"}],"wp:attachment":[{"href":"https:\/\/dralvarez.com.mx\/larevista\/wp-json\/wp\/v2\/media?parent=68787"}],"wp:term":[{"taxonomy":"category","embeddable":true,"href":"https:\/\/dralvarez.com.mx\/larevista\/wp-json\/wp\/v2\/categories?post=68787"},{"taxonomy":"post_tag","embeddable":true,"href":"https:\/\/dralvarez.com.mx\/larevista\/wp-json\/wp\/v2\/tags?post=68787"}],"curies":[{"name":"wp","href":"https:\/\/api.w.org\/{rel}","templated":true}]}}