{"id":68784,"date":"2018-08-28T00:00:00","date_gmt":"2018-08-28T06:00:00","guid":{"rendered":"https:\/\/dralvarez.com.mx\/larevista\/blog\/consolidacion-del-modelo-de-formacion-dual-en-escuelas-clave-para-el-desarrollo-de-campeche-medina-farfan-28842"},"modified":"2018-08-28T00:00:00","modified_gmt":"2018-08-28T06:00:00","slug":"consolidacion-del-modelo-de-formacion-dual-en-escuelas-clave-para-el-desarrollo-de-campeche-medina-farfan-28842","status":"publish","type":"post","link":"https:\/\/dralvarez.com.mx\/larevista\/compeche\/consolidacion-del-modelo-de-formacion-dual-en-escuelas-clave-para-el-desarrollo-de-campeche-medina-farfan-28842","title":{"rendered":"Consolidaci\u00f3n del modelo de formaci\u00f3n dual en escuelas, clave para el desarrollo de Campeche: Medina Farf\u00e1n"},"content":{"rendered":"<p>La consolidaci\u00f3n del Modelo de Formaci\u00f3n Dual (MMFD) que se implementa en la entidad en diversos centros escolares, ser\u00e1 fundamental para generar el desarrollo econ\u00f3mico, de capital humano y representa una fortaleza ante el desarrollo inminente del Estado, asegur\u00f3 el titular de la Secretar\u00eda de Educaci\u00f3n (SEDUC), Ricardo Medina Farf\u00e1n, al sostener un encuentro con integrantes del Consejo Coordinador Empresarial de Campeche (CCE).<\/p>\n<p>En reuni\u00f3n realizada en la sala Campeche de la SEDUC, ante el presidente del CCE, V\u00edctor del R\u00edo R. de la Gala, Medina Farf\u00e1n destac\u00f3 que el MMFD permite implementar de forma sistem\u00e1tica un esquema de formaci\u00f3n para t\u00e9cnicos del nivel medio superior, permitiendo vincular la formaci\u00f3n te\u00f3rica y pr\u00e1ctica, alternando el aprendizaje en el aula y en el espacio de trabajo.<\/p>\n<p>\u201cEste es un programa bondadoso, porque representa la oportunidad para generar y moldear los recursos humanos, de acuerdo con las necesidades de la empresa, de una preparaci\u00f3n espec\u00edfica, acorde a las necesidades del sector empresarial, y por consecuencia es una oportunidad importante que permitir\u00e1 tener egresados con experiencia al momento que deseen integrarse al mundo laboral\u201d, se\u00f1al\u00f3.<\/p>\n<p>Explic\u00f3 que actualmente este modelo se aplica en dos empresas con alumnos del CECYTEC y el CETMAR, quienes cuentan con mediaci\u00f3n docente permanente, para desarrollar sus competencias gen\u00e9ricas, disciplinares y profesionales y la intenci\u00f3n es ampliarlo, que un mayor n\u00famero de estudiantes sean beneficiados, permitiendo un nuevo esquema formativo.<\/p>\n<p>Adem\u00e1s, en este encuentro, Medina Farf\u00e1n present\u00f3 los actuales avances y convoc\u00f3 al l\u00edder del CCE a estrechar esta la alianza interinstitucional.<\/p>\n<p>Por su parte, del Rio R. de la Gala, reconoci\u00f3 el inter\u00e9s del titular de la SEDUC por mejorar los esquemas de ense\u00f1anza y que seguramente dijo redundar\u00e1 en beneficio de todo el sector empresarial del Estado, al contar con un capital humano competente, preparado y efectivo, con la experiencia suficiente para que en su momento puedan integrarse al mundo laboral.<\/p>\n","protected":false},"excerpt":{"rendered":"<p>Titular de SEDUC sostiene encuentro con integrantes del CCE&#8230;<\/p>\n","protected":false},"author":1018,"featured_media":0,"comment_status":"open","ping_status":"open","sticky":false,"template":"","format":"standard","meta":{"tdm_status":"","tdm_grid_status":"","footnotes":""},"categories":[27],"tags":[],"_links":{"self":[{"href":"https:\/\/dralvarez.com.mx\/larevista\/wp-json\/wp\/v2\/posts\/68784"}],"collection":[{"href":"https:\/\/dralvarez.com.mx\/larevista\/wp-json\/wp\/v2\/posts"}],"about":[{"href":"https:\/\/dralvarez.com.mx\/larevista\/wp-json\/wp\/v2\/types\/post"}],"author":[{"embeddable":true,"href":"https:\/\/dralvarez.com.mx\/larevista\/wp-json\/wp\/v2\/users\/1018"}],"replies":[{"embeddable":true,"href":"https:\/\/dralvarez.com.mx\/larevista\/wp-json\/wp\/v2\/comments?post=68784"}],"version-history":[{"count":0,"href":"https:\/\/dralvarez.com.mx\/larevista\/wp-json\/wp\/v2\/posts\/68784\/revisions"}],"wp:attachment":[{"href":"https:\/\/dralvarez.com.mx\/larevista\/wp-json\/wp\/v2\/media?parent=68784"}],"wp:term":[{"taxonomy":"category","embeddable":true,"href":"https:\/\/dralvarez.com.mx\/larevista\/wp-json\/wp\/v2\/categories?post=68784"},{"taxonomy":"post_tag","embeddable":true,"href":"https:\/\/dralvarez.com.mx\/larevista\/wp-json\/wp\/v2\/tags?post=68784"}],"curies":[{"name":"wp","href":"https:\/\/api.w.org\/{rel}","templated":true}]}}