{"id":68783,"date":"2018-08-28T00:00:00","date_gmt":"2018-08-28T06:00:00","guid":{"rendered":"https:\/\/dralvarez.com.mx\/larevista\/blog\/daiam-del-dif-estatal-realizo-el-festejo-del-dia-del-adulto-mayor-28841"},"modified":"2018-08-28T00:00:00","modified_gmt":"2018-08-28T06:00:00","slug":"daiam-del-dif-estatal-realizo-el-festejo-del-dia-del-adulto-mayor-28841","status":"publish","type":"post","link":"https:\/\/dralvarez.com.mx\/larevista\/compeche\/daiam-del-dif-estatal-realizo-el-festejo-del-dia-del-adulto-mayor-28841","title":{"rendered":"DAIAM del Dif estatal realiz\u00f3 el festejo del d\u00eda del adulto mayor"},"content":{"rendered":"<\/p>\n<p>En un ambiente de convivencia y de respeto, la Direcci\u00f3n de Atenci\u00f3n Integral al Adulto Mayor (DAIAM), perteneciente al Sistema Estatal para el Desarrollo Integral de la Familia (DIF), celebr\u00f3 a los adultos mayores, beneficiarios de los servicios que ah\u00ed se ofrecen, con un festival realizado en el comedor del lugar.<\/p>\n<p>En representaci\u00f3n de la Presidenta del Patronato del DIF Estatal, Christelle Casta\u00f1\u00f3n de Moreno, la Directora del DAIAM, Liliana Rendis Buenfil, resalt\u00f3 la importancia de la inclusi\u00f3n de los adultos mayores, del respeto y buen trato que merecen, dignificando su valor como uno de los pilares de la sociedad.<\/p>\n<p>Rendis Buenfil agradeci\u00f3 la disposici\u00f3n del personal de las instituciones por trabajar por los adultos mayores en diferentes actividades que se realizaron, como conferencias y paseos, en la que siempre estuvieron presentes especialistas para orientar a los adultos mayores y a sus familias.<\/p>\n<p>\u201cEl Sistema DIF Estatal continuar\u00e1 impulsando acciones de bienestar para protegerlos y cuidarlos, encontrando el respaldo del Gobierno del Estado y de diversas instituciones comprometidas\u201d, dijo.<\/p>\n<p>Participaron en el convivio el tr\u00edo de trovadores, un baile a cargo de las alumnas del Departamento de Atenci\u00f3n al Adulto Mayor (DAAM) y la Estancia \u201cLa Alegr\u00eda de vivir\u201d, y la Romanza Campeche.<\/p>\n<p>Asistieron la presidenta del Patronato \u201cGrande de coraz\u00f3n\u201d, Victoria Damas de Aysa; la Presidenta de la Junta de Gobierno y Administraci\u00f3n del Congreso del Estado de Campeche, Laura Olimpia Baqueiro Ramos; y damas voluntarias que se sumaron a estas actividades que cumplieron con el objetivo de sensibilizar a la poblaci\u00f3n sobre el trato digno de los adultos mayores.<\/p><\/p>\n","protected":false},"excerpt":{"rendered":"<p>\u201cEl Sistema DIF Estatal continuar\u00e1 impulsando acciones de bienestar para protegerlos y cuidarlos, encontrando el respaldo del Gobierno del Estado y de<\/p>\n","protected":false},"author":1018,"featured_media":0,"comment_status":"open","ping_status":"open","sticky":false,"template":"","format":"standard","meta":{"tdm_status":"","tdm_grid_status":"","footnotes":""},"categories":[27],"tags":[],"_links":{"self":[{"href":"https:\/\/dralvarez.com.mx\/larevista\/wp-json\/wp\/v2\/posts\/68783"}],"collection":[{"href":"https:\/\/dralvarez.com.mx\/larevista\/wp-json\/wp\/v2\/posts"}],"about":[{"href":"https:\/\/dralvarez.com.mx\/larevista\/wp-json\/wp\/v2\/types\/post"}],"author":[{"embeddable":true,"href":"https:\/\/dralvarez.com.mx\/larevista\/wp-json\/wp\/v2\/users\/1018"}],"replies":[{"embeddable":true,"href":"https:\/\/dralvarez.com.mx\/larevista\/wp-json\/wp\/v2\/comments?post=68783"}],"version-history":[{"count":0,"href":"https:\/\/dralvarez.com.mx\/larevista\/wp-json\/wp\/v2\/posts\/68783\/revisions"}],"wp:attachment":[{"href":"https:\/\/dralvarez.com.mx\/larevista\/wp-json\/wp\/v2\/media?parent=68783"}],"wp:term":[{"taxonomy":"category","embeddable":true,"href":"https:\/\/dralvarez.com.mx\/larevista\/wp-json\/wp\/v2\/categories?post=68783"},{"taxonomy":"post_tag","embeddable":true,"href":"https:\/\/dralvarez.com.mx\/larevista\/wp-json\/wp\/v2\/tags?post=68783"}],"curies":[{"name":"wp","href":"https:\/\/api.w.org\/{rel}","templated":true}]}}