{"id":68780,"date":"2018-08-28T00:00:00","date_gmt":"2018-08-28T06:00:00","guid":{"rendered":"https:\/\/dralvarez.com.mx\/larevista\/blog\/seproci-invita-a-participar-en-el-curso-refugios-temporales-28838"},"modified":"2018-08-28T00:00:00","modified_gmt":"2018-08-28T06:00:00","slug":"seproci-invita-a-participar-en-el-curso-refugios-temporales-28838","status":"publish","type":"post","link":"https:\/\/dralvarez.com.mx\/larevista\/compeche\/seproci-invita-a-participar-en-el-curso-refugios-temporales-28838","title":{"rendered":"SEPROCI invita a participar en el curso refugios temporales"},"content":{"rendered":"<\/p>\n<p>La<br \/>\nSecretar\u00eda de Protecci\u00f3n Civil (SEPROCI) invita a la poblaci\u00f3n en general a<br \/>\nparticipar en el curso \u201cRefugios Temporales\u201d, que se impartir\u00e1 el pr\u00f3ximo 30 de<br \/>\nagosto de 10:00 a 14:00 horas en las instalaciones del Instituto Universitario<br \/>\ndel Centro de M\u00e9xico (UCEM), ubicado en calle 57 #20, entre 12 y 14, Centro<br \/>\nHist\u00f3rico. El cupo ser\u00e1 limitado y es totalmente gratuito; para mayor<br \/>\ninformaci\u00f3n los interesados pueden comunicarse al (981) 81 6 14 44 Ext. 242 y<br \/>\n243 o enviar sus datos al correo capacitacionseproci@gmail.com.<\/p>\n<p>La<br \/>\nfinalidad del curso es que el participante adquiera una serie de conocimientos<br \/>\nacerca de los procedimientos, normas y actividades que se necesitan realizar<br \/>\npara la preparaci\u00f3n  y apertura de un<br \/>\nrefugio temporal. Los temas a desarrollar son \u201cQu\u00e9 es un refugio temporal\u201d, \u201cPol\u00edticas<br \/>\ngenerales para el establecimiento de los refugios temporales\u201d, \u201cTipos de<br \/>\nRefugio\u201d, \u201cFunciones y actividades a desarrollarse por los organizadores de los<br \/>\nrefugios\u201d, \u201cProblemas y conflictos posibles\u201d, \u201cReglamento interior del refugio\u201d,<br \/>\n\u201cCierre del refugio\u201d y \u201cSimulacro en un refugio temporal\u201d.<\/p>\n<p><\/p>\n","protected":false},"excerpt":{"rendered":"<p>La Secretar\u00eda de Protecci\u00f3n Civil (SEPROCI) invita a la poblaci\u00f3n en general a participar en el curso \u201cRefugios Temporales\u201d&#8230;<\/p>\n","protected":false},"author":1018,"featured_media":0,"comment_status":"open","ping_status":"open","sticky":false,"template":"","format":"standard","meta":{"tdm_status":"","tdm_grid_status":"","footnotes":""},"categories":[27],"tags":[],"_links":{"self":[{"href":"https:\/\/dralvarez.com.mx\/larevista\/wp-json\/wp\/v2\/posts\/68780"}],"collection":[{"href":"https:\/\/dralvarez.com.mx\/larevista\/wp-json\/wp\/v2\/posts"}],"about":[{"href":"https:\/\/dralvarez.com.mx\/larevista\/wp-json\/wp\/v2\/types\/post"}],"author":[{"embeddable":true,"href":"https:\/\/dralvarez.com.mx\/larevista\/wp-json\/wp\/v2\/users\/1018"}],"replies":[{"embeddable":true,"href":"https:\/\/dralvarez.com.mx\/larevista\/wp-json\/wp\/v2\/comments?post=68780"}],"version-history":[{"count":0,"href":"https:\/\/dralvarez.com.mx\/larevista\/wp-json\/wp\/v2\/posts\/68780\/revisions"}],"wp:attachment":[{"href":"https:\/\/dralvarez.com.mx\/larevista\/wp-json\/wp\/v2\/media?parent=68780"}],"wp:term":[{"taxonomy":"category","embeddable":true,"href":"https:\/\/dralvarez.com.mx\/larevista\/wp-json\/wp\/v2\/categories?post=68780"},{"taxonomy":"post_tag","embeddable":true,"href":"https:\/\/dralvarez.com.mx\/larevista\/wp-json\/wp\/v2\/tags?post=68780"}],"curies":[{"name":"wp","href":"https:\/\/api.w.org\/{rel}","templated":true}]}}