{"id":68751,"date":"2018-08-28T00:00:00","date_gmt":"2018-08-28T06:00:00","guid":{"rendered":"https:\/\/dralvarez.com.mx\/larevista\/blog\/designan-a-johnny-alejandro-heredia-itza-como-nuevo-director-del-itescham-28803"},"modified":"2018-08-28T00:00:00","modified_gmt":"2018-08-28T06:00:00","slug":"designan-a-johnny-alejandro-heredia-itza-como-nuevo-director-del-itescham-28803","status":"publish","type":"post","link":"https:\/\/dralvarez.com.mx\/larevista\/compeche\/designan-a-johnny-alejandro-heredia-itza-como-nuevo-director-del-itescham-28803","title":{"rendered":"Designan a Johnny Alejandro Heredia Itz\u00e1 como nuevo director del ITESCHAM"},"content":{"rendered":"<\/p>\n<p>El titular de la Secretar\u00eda de Educaci\u00f3n de Campeche (SEDUC), Ricardo Medina Farf\u00e1n, tom\u00f3 protesta a Johnny Alejandro Heredia Itz\u00e1, como nuevo director General del Instituto Tecnol\u00f3gico Superior de Champot\u00f3n (ITESCHAM), luego de una sesi\u00f3n extraordinaria realizada por la Junta Directiva, misma que fue encabezada por el funcionario estatal en representaci\u00f3n del Gobernador Alejandro Moreno C\u00e1rdenas, en la sala de juntas de este centro de estudios donde por decisi\u00f3n un\u00e1nime se determin\u00f3 designar a Heredia Itz\u00e1 para guiar las pol\u00edticas educativas de este plantel.<\/p>\n<p>En su intervenci\u00f3n, Medina Farf\u00e1n exhort\u00f3 al nuevo director general a desempe\u00f1ar con lealtad y responsabilidad la encomienda que ahora se le asigna, ya que, dijo, el ITESCHAM es un eje fundamental para la formaci\u00f3n de profesionales que contribuir\u00e1n a que Campeche avance, por lo que lo motiv\u00f3 a que procure el bienestar de los alumnos y del colegio.<\/p>\n<p>A\u00f1adi\u00f3 que esta es una instituci\u00f3n muy importante para el desarrollo del Estado y que tiene gran impacto social, econ\u00f3mico y de desarrollo para el municipio en el que se ubica, y que ser\u00e1 vital el personal que de aqu\u00ed egrese, ante el inminente desarrollo de la entidad.<\/p>\n<p>Por su parte, Heredia Itz\u00e1 agradeci\u00f3 al mandatario estatal y al titular de SEDUC por la confianza que se le deposita y refrend\u00f3 su compromiso con la educaci\u00f3n del Estado y con la escuela a la que ahora representa.<\/p>\n<p>Cabe mencionar que Johnny Alejandro Heredia Itz\u00e1 cuenta con doctorado en Ciencias de la Administraci\u00f3n, maestr\u00eda en Educaci\u00f3n y Desarrollo; y se ha desempe\u00f1ado como director de Administraci\u00f3n e Innovaci\u00f3n Gubernamental, as\u00ed como regidor de Obras P\u00fablicas y Desarrollo Urbano del H. Ayuntamiento de Champot\u00f3n.<\/p>\n<p>Tambi\u00e9n ha sido docente, sinodal y catedr\u00e1tico del Instituto de Estudios Superiores de Campeche; y docente de Telesecundaria.<\/p>\n<p>Estuvieron presentes en esta sesi\u00f3n, Alejandra Araiza V\u00e1zquez, representante de la Direcci\u00f3n de Institutos Tecnol\u00f3gicos Descentralizados del Gobierno Federal, as\u00ed como representantes y miembros de esta junta directiva<\/p><\/p>\n","protected":false},"excerpt":{"rendered":"<p>En su intervenci\u00f3n, Medina Farf\u00e1n exhort\u00f3 al nuevo director general a desempe\u00f1ar con lealtad y responsabilidad la encomienda que ahora se le asigna&#8230;<\/p>\n","protected":false},"author":1018,"featured_media":0,"comment_status":"open","ping_status":"open","sticky":false,"template":"","format":"standard","meta":{"tdm_status":"","tdm_grid_status":"","footnotes":""},"categories":[27],"tags":[],"_links":{"self":[{"href":"https:\/\/dralvarez.com.mx\/larevista\/wp-json\/wp\/v2\/posts\/68751"}],"collection":[{"href":"https:\/\/dralvarez.com.mx\/larevista\/wp-json\/wp\/v2\/posts"}],"about":[{"href":"https:\/\/dralvarez.com.mx\/larevista\/wp-json\/wp\/v2\/types\/post"}],"author":[{"embeddable":true,"href":"https:\/\/dralvarez.com.mx\/larevista\/wp-json\/wp\/v2\/users\/1018"}],"replies":[{"embeddable":true,"href":"https:\/\/dralvarez.com.mx\/larevista\/wp-json\/wp\/v2\/comments?post=68751"}],"version-history":[{"count":0,"href":"https:\/\/dralvarez.com.mx\/larevista\/wp-json\/wp\/v2\/posts\/68751\/revisions"}],"wp:attachment":[{"href":"https:\/\/dralvarez.com.mx\/larevista\/wp-json\/wp\/v2\/media?parent=68751"}],"wp:term":[{"taxonomy":"category","embeddable":true,"href":"https:\/\/dralvarez.com.mx\/larevista\/wp-json\/wp\/v2\/categories?post=68751"},{"taxonomy":"post_tag","embeddable":true,"href":"https:\/\/dralvarez.com.mx\/larevista\/wp-json\/wp\/v2\/tags?post=68751"}],"curies":[{"name":"wp","href":"https:\/\/api.w.org\/{rel}","templated":true}]}}