{"id":68711,"date":"2018-08-27T00:00:00","date_gmt":"2018-08-27T06:00:00","guid":{"rendered":"https:\/\/dralvarez.com.mx\/larevista\/blog\/archivo-general-del-estado-de-campeche-28761"},"modified":"2018-08-27T00:00:00","modified_gmt":"2018-08-27T06:00:00","slug":"archivo-general-del-estado-de-campeche-28761","status":"publish","type":"post","link":"https:\/\/dralvarez.com.mx\/larevista\/compeche\/archivo-general-del-estado-de-campeche-28761","title":{"rendered":"Archivo general del estado de Campeche"},"content":{"rendered":"<\/p>\n<p>En su calidad de representante nacional de los<br \/>\nArchivos de los Estados y de la Ciudad de M\u00e9xico, el titular del Archivo<br \/>\nGeneral del Estado de Campeche (AGEC), Alberto Ceballos Gonz\u00e1lez, asisti\u00f3 a la reuni\u00f3n<br \/>\nde trabajo de los Archivos de los Municipios de M\u00e9xico 2018 \u201cLos municipios de<br \/>\nM\u00e9xico: hacia la implementaci\u00f3n de la Ley General de Archivos\u201d, organizada por<br \/>\nel Archivo General de la Naci\u00f3n (AGN) y el Consejo Nacional de Archivos (CONARCH),<br \/>\nencabezada por Mercedes de Vega, directora del AGN, y Reynaldo Aguilera<br \/>\nMontoya, representante de los Archivos de los Municipios ante el CONARCH. Esta<br \/>\nreuni\u00f3n tiene como objetivo dar continuidad a la integraci\u00f3n de la Red de<br \/>\nArchivos Municipales de M\u00e9xico (RAMM) con miras al cumplimiento de la Ley<br \/>\nGeneral de Archivos recientemente publicada. Es importante destacar que<br \/>\nCampeche es ejemplo nacional en buenas pr\u00e1cticas archiv\u00edsticas y en la<br \/>\narmonizaci\u00f3n de lo que ser\u00e1 su nueva Ley de Archivos.<\/p>\n<p><\/p>\n","protected":false},"excerpt":{"rendered":"<p>En su calidad de representante nacional de los Archivos de los Estados y de la Ciudad de M\u00e9xico&#8230;<\/p>\n","protected":false},"author":1018,"featured_media":0,"comment_status":"open","ping_status":"open","sticky":false,"template":"","format":"standard","meta":{"tdm_status":"","tdm_grid_status":"","footnotes":""},"categories":[27],"tags":[],"_links":{"self":[{"href":"https:\/\/dralvarez.com.mx\/larevista\/wp-json\/wp\/v2\/posts\/68711"}],"collection":[{"href":"https:\/\/dralvarez.com.mx\/larevista\/wp-json\/wp\/v2\/posts"}],"about":[{"href":"https:\/\/dralvarez.com.mx\/larevista\/wp-json\/wp\/v2\/types\/post"}],"author":[{"embeddable":true,"href":"https:\/\/dralvarez.com.mx\/larevista\/wp-json\/wp\/v2\/users\/1018"}],"replies":[{"embeddable":true,"href":"https:\/\/dralvarez.com.mx\/larevista\/wp-json\/wp\/v2\/comments?post=68711"}],"version-history":[{"count":0,"href":"https:\/\/dralvarez.com.mx\/larevista\/wp-json\/wp\/v2\/posts\/68711\/revisions"}],"wp:attachment":[{"href":"https:\/\/dralvarez.com.mx\/larevista\/wp-json\/wp\/v2\/media?parent=68711"}],"wp:term":[{"taxonomy":"category","embeddable":true,"href":"https:\/\/dralvarez.com.mx\/larevista\/wp-json\/wp\/v2\/categories?post=68711"},{"taxonomy":"post_tag","embeddable":true,"href":"https:\/\/dralvarez.com.mx\/larevista\/wp-json\/wp\/v2\/tags?post=68711"}],"curies":[{"name":"wp","href":"https:\/\/api.w.org\/{rel}","templated":true}]}}