{"id":68701,"date":"2018-08-24T00:00:00","date_gmt":"2018-08-24T06:00:00","guid":{"rendered":"https:\/\/dralvarez.com.mx\/larevista\/blog\/dif-estatal-sectur-e-inah-realizan-el-city-tour-baluarte-de-la-soledad-28751"},"modified":"2018-08-24T00:00:00","modified_gmt":"2018-08-24T06:00:00","slug":"dif-estatal-sectur-e-inah-realizan-el-city-tour-baluarte-de-la-soledad-28751","status":"publish","type":"post","link":"https:\/\/dralvarez.com.mx\/larevista\/compeche\/dif-estatal-sectur-e-inah-realizan-el-city-tour-baluarte-de-la-soledad-28751","title":{"rendered":"Dif estatal, sectur e inah realizan el city tour \u201cbaluarte de la soledad\u201d"},"content":{"rendered":"<\/p>\n<p>El City Tour \u201cBaluarte de la Soledad\u201d, organizado por el Sistema Estatal para el Desarrollo Integral de la Familia (DIF), en coordinaci\u00f3n con el Instituto Nacional de Antropolog\u00eda e Historia (INAH) y la Secretar\u00eda de Turismo (SECTUR), cumpli\u00f3 con el objetivo de fomentar la inclusi\u00f3n de adultos mayores en actividades tur\u00edsticas, culturales y de esparcimiento que mejoran su estado de \u00e1nimo y bienestar, precis\u00f3 la titular de la Direcci\u00f3n de Atenci\u00f3n Integral al Adulto Mayor, (DAIAM), Liliana Rendis Buenfil, al clausurar el evento en representaci\u00f3n de la Presidenta del Patronato del DIF Estatal, Christelle Casta\u00f1\u00f3n de Moreno.<\/p>\n<p>Previo a la clausura se realizaron diversas actividades para los abuelitos, como fue un recorrido tur\u00edstico, teniendo como punto de reuni\u00f3n el Parque Principal, iniciando en el Museo de Arquitectura Maya \u201cBaluarte de la Soledad\u201d, donde personal del INAH hizo la visita guiada; seguidamente acudieron al Centro Cultural Casa 6, contando con el apoyo de gu\u00edas de turistas de la SECTUR.<\/p>\n<p>En este \u00faltimo sitio se &nbsp;imparti\u00f3 la pl\u00e1tica \u201cLa Gastronom\u00eda Campechana, Patrimonio\u201d, a cargo de Dolores Echeverr\u00eda Lanz, y finalmente se llev\u00f3 a cabo una degustaci\u00f3n de chocolate y pan dulce tradicional para todos los asistentes.<\/p>\n<p>Antes de despedirse, Rendis Buenfil motiv\u00f3 a los asistentes a seguir participando en las actividades que el Sistema DIF Estatal realiza para su entretenimiento y recreaci\u00f3n; asimismo, agradeci\u00f3 a la SECTUR y al Centro INAH Campeche por su gran apoyo, facilidades y respaldo en cada una de las actividades, y por sumarse al equipo DIF a favor de este sector de la poblaci\u00f3n.<\/p>\n<p>A la clausura asistieron el Director del Centro INAH Campeche, Antonio Benavides Castillo; la presidenta del Patronato \u201cUn Coraz\u00f3n Grande\u201d, Victoria Damas de Aysa; la titular del Grupo de Participaci\u00f3n Ciudadana (GPC) de la SECTUR, Florencia Vilar de Manos; y la Directora de Capacitaci\u00f3n de la SECTUR, Tatiana Macossay Arteaga<\/p><\/p>\n","protected":false},"excerpt":{"rendered":"<p>En este \u00faltimo sitio se  imparti\u00f3 la pl\u00e1tica \u201cLa Gastronom\u00eda Campechana, Patrimonio\u201d&#8230;<\/p>\n","protected":false},"author":1018,"featured_media":0,"comment_status":"open","ping_status":"open","sticky":false,"template":"","format":"standard","meta":{"tdm_status":"","tdm_grid_status":"","footnotes":""},"categories":[27],"tags":[],"_links":{"self":[{"href":"https:\/\/dralvarez.com.mx\/larevista\/wp-json\/wp\/v2\/posts\/68701"}],"collection":[{"href":"https:\/\/dralvarez.com.mx\/larevista\/wp-json\/wp\/v2\/posts"}],"about":[{"href":"https:\/\/dralvarez.com.mx\/larevista\/wp-json\/wp\/v2\/types\/post"}],"author":[{"embeddable":true,"href":"https:\/\/dralvarez.com.mx\/larevista\/wp-json\/wp\/v2\/users\/1018"}],"replies":[{"embeddable":true,"href":"https:\/\/dralvarez.com.mx\/larevista\/wp-json\/wp\/v2\/comments?post=68701"}],"version-history":[{"count":0,"href":"https:\/\/dralvarez.com.mx\/larevista\/wp-json\/wp\/v2\/posts\/68701\/revisions"}],"wp:attachment":[{"href":"https:\/\/dralvarez.com.mx\/larevista\/wp-json\/wp\/v2\/media?parent=68701"}],"wp:term":[{"taxonomy":"category","embeddable":true,"href":"https:\/\/dralvarez.com.mx\/larevista\/wp-json\/wp\/v2\/categories?post=68701"},{"taxonomy":"post_tag","embeddable":true,"href":"https:\/\/dralvarez.com.mx\/larevista\/wp-json\/wp\/v2\/tags?post=68701"}],"curies":[{"name":"wp","href":"https:\/\/api.w.org\/{rel}","templated":true}]}}