{"id":68678,"date":"2018-08-23T00:00:00","date_gmt":"2018-08-23T06:00:00","guid":{"rendered":"https:\/\/dralvarez.com.mx\/larevista\/blog\/sectur-se-reune-con-empresarios-carmelitas-28728"},"modified":"2018-08-23T00:00:00","modified_gmt":"2018-08-23T06:00:00","slug":"sectur-se-reune-con-empresarios-carmelitas-28728","status":"publish","type":"post","link":"https:\/\/dralvarez.com.mx\/larevista\/compeche\/sectur-se-reune-con-empresarios-carmelitas-28728","title":{"rendered":"Sectur se re\u00fane con empresarios carmelitas"},"content":{"rendered":"<\/p>\n<p>La Secretar\u00eda de Turismo del Gobierno del Estado (SECTUR) present\u00f3 ante el sector empresarial del ramo del municipio de Carmen su plan de trabajo en materia de promoci\u00f3n, capacitaci\u00f3n, congresos y convenciones y proyectos para el \u00faltimo semestre del 2018 y todo el 2019<\/p>\n<p>Durante el encuentro se destacaron los principales resultados de promoci\u00f3n tur\u00edstica acordados en reuniones pasadas, como los avances en espectaculares, videos en pantallas publicitarias y la aplicaci\u00f3n para tel\u00e9fonos m\u00f3viles en estados vecinos (Chiapas, Tabasco y Quintana Roo).<\/p>\n<p>Asimismo, el \u00e1rea de Capacitaci\u00f3n y Estad\u00edstica de la SECTUR exhort\u00f3 a los empresarios a ser parte del Registro Nacional de Turismo (RNT), adem\u00e1s se hizo menci\u00f3n sobre las futuras &nbsp;capacitaciones que se llevar\u00e1n a cabo en breve en todo el municipio de Carmen para una mejor calidad y servicio, como la capacitaci\u00f3n a meseros, personal de hoteler\u00eda, polic\u00edas e informadores tur\u00edsticos.<\/p>\n<p>En su intervenci\u00f3n, el titular de la SECTUR, Jorge Manos Esparragoza, se\u00f1al\u00f3 que en el 2019 la dependencia buscar\u00e1 implementar nuevas estrategias de promoci\u00f3n para el municipio, trabajando de la mano con los empresarios del sector tur\u00edstico, con el fin de lograr mejores resultados que beneficien a los campechanos.<\/p>\n<p>\u201cLa promoci\u00f3n es de suma prioridad, por lo que reforzaremos el trabajo en caravanas al interior del pa\u00eds y continuaremos participando en las diversas ferias, como el Tianguis Tur\u00edstico de Acapulco 2019\u201d, dijo.<\/p>\n<p>Destac\u00f3 que en materia de congresos y convenciones se busca superar los eventos del a\u00f1o pasado, presentando a Ciudad del Carmen como excelente destino de reuniones, ejemplo de ello es que ser\u00e1 sede de un evento de talla internacional, como lo es \u201cShallow &amp; Deepwater Mexico\u201d, en marzo del 2019, el cual albergar\u00e1 a m\u00e1s de tres mil participantes en la isla, trayendo consigo una excelente derrama econ\u00f3mica.<\/p>\n<p>Entre los asistentes a la reuni\u00f3n se encontraban Sergio Ayala del Campo, Presidente del Consejo Coordinador Empresarial de Carmen (CCEC); Ileana Herrera P\u00e9rez, Diputada de la Comisi\u00f3n de Turismo; Victoria \u00c1lvarez Casanova, Presidenta de la Asociaci\u00f3n de Hoteles de Carmen; Encarnaci\u00f3n Caj\u00fan, representante de la CANIRAC, entre otros.<\/p>\n<p>Por otra parte, Manos Esparragoza realiz\u00f3 una visita a Isla Aguada, donde acompa\u00f1ado del comisario, Mart\u00edn Ram\u00edrez Barrera, supervis\u00f3 la infraestructura actual del muelle y los resultados obtenidos al t\u00e9rmino del periodo vacacional de verano.<\/p><\/p>\n","protected":false},"excerpt":{"rendered":"<p>La Secretar\u00eda de Turismo del Gobierno del Estado (SECTUR) present\u00f3 ante el sector empresarial del ramo del municipio de Carmen su plan de trabajo&#8230;<\/p>\n","protected":false},"author":1018,"featured_media":0,"comment_status":"open","ping_status":"open","sticky":false,"template":"","format":"standard","meta":{"tdm_status":"","tdm_grid_status":"","footnotes":""},"categories":[27],"tags":[],"_links":{"self":[{"href":"https:\/\/dralvarez.com.mx\/larevista\/wp-json\/wp\/v2\/posts\/68678"}],"collection":[{"href":"https:\/\/dralvarez.com.mx\/larevista\/wp-json\/wp\/v2\/posts"}],"about":[{"href":"https:\/\/dralvarez.com.mx\/larevista\/wp-json\/wp\/v2\/types\/post"}],"author":[{"embeddable":true,"href":"https:\/\/dralvarez.com.mx\/larevista\/wp-json\/wp\/v2\/users\/1018"}],"replies":[{"embeddable":true,"href":"https:\/\/dralvarez.com.mx\/larevista\/wp-json\/wp\/v2\/comments?post=68678"}],"version-history":[{"count":0,"href":"https:\/\/dralvarez.com.mx\/larevista\/wp-json\/wp\/v2\/posts\/68678\/revisions"}],"wp:attachment":[{"href":"https:\/\/dralvarez.com.mx\/larevista\/wp-json\/wp\/v2\/media?parent=68678"}],"wp:term":[{"taxonomy":"category","embeddable":true,"href":"https:\/\/dralvarez.com.mx\/larevista\/wp-json\/wp\/v2\/categories?post=68678"},{"taxonomy":"post_tag","embeddable":true,"href":"https:\/\/dralvarez.com.mx\/larevista\/wp-json\/wp\/v2\/tags?post=68678"}],"curies":[{"name":"wp","href":"https:\/\/api.w.org\/{rel}","templated":true}]}}