{"id":68641,"date":"2018-08-22T00:00:00","date_gmt":"2018-08-22T06:00:00","guid":{"rendered":"https:\/\/dralvarez.com.mx\/larevista\/blog\/entra-en-funciones-el-centro-de-capacitacion-laboral-dirigida-oxxo-en-ciudad-del-carmen-28688"},"modified":"2018-08-22T00:00:00","modified_gmt":"2018-08-22T06:00:00","slug":"entra-en-funciones-el-centro-de-capacitacion-laboral-dirigida-oxxo-en-ciudad-del-carmen-28688","status":"publish","type":"post","link":"https:\/\/dralvarez.com.mx\/larevista\/compeche\/entra-en-funciones-el-centro-de-capacitacion-laboral-dirigida-oxxo-en-ciudad-del-carmen-28688","title":{"rendered":"Entra en funciones el centro de capacitaci\u00f3n laboral dirigida oxxo en ciudad del Carmen"},"content":{"rendered":"<p>El Centro de Capacitaci\u00f3n Laboral Dirigida OXXO en Ciudad del Carmen es el segundo que entra en funciones en la Entidad, con el objetivo de impulsar la inclusi\u00f3n laboral de personas con discapacidad en el Estado, a trav\u00e9s de un programa de capacitaci\u00f3n y entrenamiento dirigido a candidatos potenciales para incorporarse al \u00e1mbito laboral, precis\u00f3 al inaugurarlo la Directora de Atenci\u00f3n Social y Discapacidad, Magaly Medina Farf\u00e1n, en representaci\u00f3n de la Presidenta del Patronato del Sistema Estatal para el Desarrollo Integral de la Familia (DIF), Christelle Casta\u00f1\u00f3n de Moreno.<\/p>\n<p>Esta acci\u00f3n viene a complementar las estrategias emprendidas en coordinaci\u00f3n con la Secretaria de Educaci\u00f3n (SEDUC), la Secretar\u00eda de Trabajo y Previsi\u00f3n Social del Estado (STPSCAM) y la empresa FEMSA, motivadas por el trabajo de formaci\u00f3n inclusiva que se realiza a trav\u00e9s de los talleres laborales en los CAM, as\u00ed como de las funciones del Centro de Evaluaci\u00f3n de Habilidades para Personas con Discapacidad y adultos mayores (VALPAR) y con el segundo Centro de Capacitaci\u00f3n y Entrenamiento, donde podr\u00e1n seguir prepar\u00e1ndose hasta obtener la certificaci\u00f3n de asistentes de tienda y contar as\u00ed con personal calificado para la oferta laboral en esta rama. Cabe se\u00f1alar que la primera generaci\u00f3n estar\u00e1 integrada por cuatro personas.<\/p>\n<p>El Centro de Capacitaci\u00f3n se ubica en el Centro Regional de Rehabilitaci\u00f3n Integral (CRRI) \u201cLuz Alba Delgado de Carrillo\u201d, en el que se llevar\u00e1 a cabo el curso, y posteriormente se realizar\u00e1 el proceso de selecci\u00f3n, reclutamiento y contrataci\u00f3n, de la misma manera que cualquier candidato de nuevo ingreso. <\/p>\n<p>Por su parte, el titular de la STPSCAM, Jorge Radam\u00e9s Romero Bock, quien asisti\u00f3 en representaci\u00f3n del Gobernador Alejandro Moreno C\u00e1rdenas, precis\u00f3 que con esta acci\u00f3n se materializa una iniciativa m\u00e1s a favor de la inclusi\u00f3n, e indic\u00f3 que con el respaldo del Mandatario y de su esposa, Christelle Casta\u00f1\u00f3n de Moreno, el DIF Estatal continuar\u00e1 trabajando para que sean ampliados los caminos de libertad de este sector.<\/p>\n<p>En tanto, el Gerente de Plaza OXXO Villahermosa, Alejandro Silva Ponce, se pronunci\u00f3 por un ambiente de inclusi\u00f3n, y sostuvo que las personas con discapacidad y personas adultas mayores son una fuente de ense\u00f1anza, \u201cpor ello la empresa valora esas condiciones, la actitud y compromiso con su trabajo nos inspiran, contagian y comprometen\u201d, subray\u00f3.<\/p>\n<p>En el evento estuvieron tambi\u00e9n presentes la Presidenta del Sistema DIF Municipal, Rossemarie Lazarus Jaber; en representaci\u00f3n de la Secretar\u00eda de Educaci\u00f3n (SEDUC), la jefa del Departamento de Educaci\u00f3n Especial, Manuela P\u00e9rez Pacheco; el Presidente del Consejo Coordinador Empresarial de Carmen (CCEC), Sergio Ayala Fern\u00e1ndez del Campo; as\u00ed como personal de capacitaci\u00f3n de la tienda.<\/p>\n","protected":false},"excerpt":{"rendered":"<p>El Centro de Capacitaci\u00f3n Laboral Dirigida OXXO en Ciudad del Carmen es el segundo que entra en funciones en la Entidad&#8230;<\/p>\n","protected":false},"author":1018,"featured_media":0,"comment_status":"open","ping_status":"open","sticky":false,"template":"","format":"standard","meta":{"tdm_status":"","tdm_grid_status":"","footnotes":""},"categories":[27],"tags":[],"_links":{"self":[{"href":"https:\/\/dralvarez.com.mx\/larevista\/wp-json\/wp\/v2\/posts\/68641"}],"collection":[{"href":"https:\/\/dralvarez.com.mx\/larevista\/wp-json\/wp\/v2\/posts"}],"about":[{"href":"https:\/\/dralvarez.com.mx\/larevista\/wp-json\/wp\/v2\/types\/post"}],"author":[{"embeddable":true,"href":"https:\/\/dralvarez.com.mx\/larevista\/wp-json\/wp\/v2\/users\/1018"}],"replies":[{"embeddable":true,"href":"https:\/\/dralvarez.com.mx\/larevista\/wp-json\/wp\/v2\/comments?post=68641"}],"version-history":[{"count":0,"href":"https:\/\/dralvarez.com.mx\/larevista\/wp-json\/wp\/v2\/posts\/68641\/revisions"}],"wp:attachment":[{"href":"https:\/\/dralvarez.com.mx\/larevista\/wp-json\/wp\/v2\/media?parent=68641"}],"wp:term":[{"taxonomy":"category","embeddable":true,"href":"https:\/\/dralvarez.com.mx\/larevista\/wp-json\/wp\/v2\/categories?post=68641"},{"taxonomy":"post_tag","embeddable":true,"href":"https:\/\/dralvarez.com.mx\/larevista\/wp-json\/wp\/v2\/tags?post=68641"}],"curies":[{"name":"wp","href":"https:\/\/api.w.org\/{rel}","templated":true}]}}