{"id":68639,"date":"2018-08-22T00:00:00","date_gmt":"2018-08-22T06:00:00","guid":{"rendered":"https:\/\/dralvarez.com.mx\/larevista\/blog\/titular-de-sectur-realiza-gira-por-seybaplaya-28686"},"modified":"2018-08-22T00:00:00","modified_gmt":"2018-08-22T06:00:00","slug":"titular-de-sectur-realiza-gira-por-seybaplaya-28686","status":"publish","type":"post","link":"https:\/\/dralvarez.com.mx\/larevista\/compeche\/titular-de-sectur-realiza-gira-por-seybaplaya-28686","title":{"rendered":"Titular de SECTUR realiza gira por Seybaplaya"},"content":{"rendered":"<\/p>\n<p>El titular la Secretar\u00eda de Turismo del Gobierno del Estado (SECTUR), Jorge Manos Esparragoza, se encuentra realizando recorridos por municipios y comunidades para valorar las propuestas de mejoramiento de imagen urbana, as\u00ed como contribuir al mejoramiento de infraestructura y equipamiento tur\u00edstico que apoyen y fortalezcan la actividad tur\u00edstica local y de sus visitantes, y de esta forma mejorar la calidad de servicio en atenci\u00f3n en la materia, para con ello poder impulsar la promoci\u00f3n de los atractivos que se encuentran dentro de la zona.<\/p>\n<p>De esta manera, el funcionario estatal visit\u00f3 Seybaplaya, Champot\u00f3n, donde acompa\u00f1ado de la Presidenta de la Junta Municipal, Wilma Perera Reyes, y del diputado Juan Carlos Damian Vera, se\u00f1al\u00f3 que la SECTUR continuar\u00e1 trabajando en conjunto con las autoridades &nbsp;para reforzar las estrategias de promoci\u00f3n en beneficio del lugar.<\/p>\n<p>Asimismo, reiter\u00f3 que se debe mejorar y dar mantenimiento a los atractivos tur\u00edsticos con los que cuenta Seybaplaya y no dejarlos en el abandono; \u201ctenemos que redoblar esfuerzos y &nbsp;fortalecer al Estado en materia tur\u00edstica, por ello tenemos que trabajar de la mano los tres niveles de gobierno\u201d, &nbsp;finaliz\u00f3.<\/p>\n<p>Por otro lado, como parte de las acciones que realiza la SECTUR ante el cierre de la temporada vacacional de verano 2018, Manos Esparragoza realiz\u00f3 un recorrido por los hoteles de la capital del Estado, para conocer los resultados de la ocupaci\u00f3n hotelera durante dicho periodo.<\/p>\n<p>Asimismo, el titular de la SECTUR dijo que el prop\u00f3sito de estas visitas es generar estrategias que permitan mejorar la infraestructura tur\u00edstica y elevar la calidad de los servicios que ofrecen los hoteles, ya que representan un eslab\u00f3n fundamental en la cadena de valor del turismo y para la dependencia es de gran importancia el poder trabajar de cerca con el sector hotelero para impulsar su desarrollo y competitividad.<\/p>\n<p>Finalmente, refrend\u00f3 su compromiso con los empresarios para sumar esfuerzos en la consolidaci\u00f3n del turismo como motor de crecimiento econ\u00f3mico y desarrollo social<\/p><\/p>\n","protected":false},"excerpt":{"rendered":"<p>Supervisa funcionamiento de hoteles en la capital del Estado&#8230;<\/p>\n","protected":false},"author":1018,"featured_media":0,"comment_status":"open","ping_status":"open","sticky":false,"template":"","format":"standard","meta":{"tdm_status":"","tdm_grid_status":"","footnotes":""},"categories":[27],"tags":[],"_links":{"self":[{"href":"https:\/\/dralvarez.com.mx\/larevista\/wp-json\/wp\/v2\/posts\/68639"}],"collection":[{"href":"https:\/\/dralvarez.com.mx\/larevista\/wp-json\/wp\/v2\/posts"}],"about":[{"href":"https:\/\/dralvarez.com.mx\/larevista\/wp-json\/wp\/v2\/types\/post"}],"author":[{"embeddable":true,"href":"https:\/\/dralvarez.com.mx\/larevista\/wp-json\/wp\/v2\/users\/1018"}],"replies":[{"embeddable":true,"href":"https:\/\/dralvarez.com.mx\/larevista\/wp-json\/wp\/v2\/comments?post=68639"}],"version-history":[{"count":0,"href":"https:\/\/dralvarez.com.mx\/larevista\/wp-json\/wp\/v2\/posts\/68639\/revisions"}],"wp:attachment":[{"href":"https:\/\/dralvarez.com.mx\/larevista\/wp-json\/wp\/v2\/media?parent=68639"}],"wp:term":[{"taxonomy":"category","embeddable":true,"href":"https:\/\/dralvarez.com.mx\/larevista\/wp-json\/wp\/v2\/categories?post=68639"},{"taxonomy":"post_tag","embeddable":true,"href":"https:\/\/dralvarez.com.mx\/larevista\/wp-json\/wp\/v2\/tags?post=68639"}],"curies":[{"name":"wp","href":"https:\/\/api.w.org\/{rel}","templated":true}]}}