{"id":68616,"date":"2018-08-22T00:00:00","date_gmt":"2018-08-22T06:00:00","guid":{"rendered":"https:\/\/dralvarez.com.mx\/larevista\/blog\/educacion-la-tarea-fundamental-a-impulsar-para-hacer-crecer-a-campeche-medina-farfan-28663"},"modified":"2018-08-22T00:00:00","modified_gmt":"2018-08-22T06:00:00","slug":"educacion-la-tarea-fundamental-a-impulsar-para-hacer-crecer-a-campeche-medina-farfan-28663","status":"publish","type":"post","link":"https:\/\/dralvarez.com.mx\/larevista\/compeche\/educacion-la-tarea-fundamental-a-impulsar-para-hacer-crecer-a-campeche-medina-farfan-28663","title":{"rendered":"Educaci\u00f3n, la tarea fundamental a impulsar para hacer crecer a Campeche: Medina Farf\u00e1n"},"content":{"rendered":"<\/p>\n<p>\u201cLa<br \/>\ntarea fundamental de nosotros como autoridades es ser ese puente, ese enlace<br \/>\nentre ustedes y sus sue\u00f1os, para que puedan alcanzarlos, de forma que ayudemos<br \/>\na que se conviertan en profesionistas y as\u00ed, con ni\u00f1os, ni\u00f1as y j\u00f3venes mejor<br \/>\npreparados, podamos transformar Campeche a trav\u00e9s de la educaci\u00f3n y crecer en grande\u201d,<br \/>\nse\u00f1al\u00f3 el titular de la Secretar\u00eda de Educaci\u00f3n (SEDUC), Ricardo Medina Farf\u00e1n,<br \/>\nal encabezar una gira por diversas comunidades del municipio de Champot\u00f3n, en<br \/>\nlas que realiz\u00f3 la entrega de paquetes de \u00fatiles escolares a estudiantes de<br \/>\neducaci\u00f3n b\u00e1sica.<\/p>\n<p>Acompa\u00f1ado<br \/>\ndel delegado en el Estado del Consejo Nacional de Fomento Educativo (CONAFE),<br \/>\nRom\u00e1n Acosta Estrella, y la coordinadora del Programa de Educaci\u00f3n Inicial y<br \/>\nB\u00e1sica (PEIB), Ang\u00e9lica Guerrero Sasia, Medina Farf\u00e1n inici\u00f3 el recorrido en la<br \/>\nlocalidad de Villamadero para posteriormente trasladarse a las comunidades de<br \/>\nMoquel, San Antonio del R\u00edo, El Zapote y Ulumal, en total durante esta jornada<br \/>\nse hizo entrega de m\u00e1s de 700 paquetes de \u00fatiles escolares.<\/p>\n<p>En<br \/>\nsu mensaje a los estudiantes, padres de familia, y comunidad educativa, reiter\u00f3<br \/>\nel inter\u00e9s del Gobernador Alejandro Moreno C\u00e1rdenas con el sector educativo, y<br \/>\nrefrend\u00f3 que paso a paso se trabaja a diario para construir la educaci\u00f3n de<br \/>\ncalidad que todos los alumnos de Campeche merecen.<\/p>\n<p>Precis\u00f3<br \/>\nque la entrega de estos \u00fatiles escolares es apostarle a otorgar herramientas<br \/>\nque eviten que los ni\u00f1os y ni\u00f1as dejen de asistir a clases; se\u00f1al\u00f3 que es una<br \/>\nmanera de que todos los alumnos cuenten con elementos que abonen a su formaci\u00f3n<br \/>\nacad\u00e9mica y tambi\u00e9n de manera directa, generar un ahorro en las familias.<\/p>\n<p>\u201cY<br \/>\nese es el principal compromiso, apoyar la educaci\u00f3n, abonar a que m\u00e1s ni\u00f1os,<br \/>\nni\u00f1as, y j\u00f3venes de Campeche se preparen, este es un compromiso puntual que<br \/>\nestamos atendiendo en los once municipios, queremos que todos nuestros peque\u00f1os<br \/>\nlogren sus sue\u00f1os; el gobernador tiene ese compromiso y tambi\u00e9n yo, por lo que<br \/>\ntrabajamos para dotar de mejores condiciones a las escuelas, de brindar apoyos<br \/>\ncomo este, de generar programas educativos y acciones, porque la mejor<br \/>\ninversi\u00f3n que podemos hacer es a favor de la educaci\u00f3n\u201d, resalt\u00f3.<\/p>\n<p>En<br \/>\nesta gira, el titular de la SEDUC visit\u00f3 la Escuela Primaria \u201c21 de agosto\u201d, de<br \/>\nVillamadero, donde entreg\u00f3 559 paquetes de \u00fatiles en beneficio de los alumnos<br \/>\nde los turnos matutino y vespertino; posteriormente se traslad\u00f3 a la Escuela<br \/>\nPrimaria \u201cJosefa Ortiz de Dom\u00ednguez\u201d, de la comunidad de Moquel; en este<br \/>\nplantel, 85 ni\u00f1os recibieron sus \u00fatiles escolares.<\/p>\n<p>Seguidamente<br \/>\nen la comunidad de San Antonio del R\u00edo, visit\u00f3 el centro preescolar del CONAFE<br \/>\n\u201cMis peque\u00f1os traviesos\u201d y la primaria de la localidad, en las que tambi\u00e9n<br \/>\nsostuvo un encuentro con directivos, docentes, madres y padres de familia, a<br \/>\nquienes les reiter\u00f3 la relevancia de estas acciones que contribuyen al<br \/>\ndesarrollo de los alumnos.<\/p>\n<p>De<br \/>\nigual manera, acudi\u00f3 a la comunidad de El Zapote, en donde entreg\u00f3 paquetes a<br \/>\nocho alumnos de preescolar comunitario \u201cLos Bichitos\u201d, as\u00ed como a ni\u00f1as y ni\u00f1os<br \/>\nque acuden al centro de educaci\u00f3n primaria de este ejido, en el que reconoci\u00f3<br \/>\nla importante labor del CONAFE para llevar educaci\u00f3n hasta las zonas m\u00e1s<br \/>\napartadas del Estado.<\/p>\n<p>Finalmente,<br \/>\nal visitar la localidad de Ulumal, el funcionario estatal entreg\u00f3 \u00fatiles a 101<br \/>\nestudiantes de la Escuela Primaria \u201cEmiliano Zapata\u201d; en este sitio aprovech\u00f3<br \/>\npara hacer un recorrido por las instalaciones y dialogar con las madres de<br \/>\nfamilia para reforzar acciones en beneficio de este plantel.<\/p>\n<p>Por<br \/>\nsu parte, el delegado del CONAFE dijo que con el invaluable apoyo del<br \/>\nmandatario estatal y del presidente de la Rep\u00fablica, Enrique Pe\u00f1a Nieto, en este<br \/>\nciclo escolar, m\u00e1s de 56 mil ni\u00f1as, ni\u00f1os y j\u00f3venes de escuelas primarias<br \/>\nrurales y telesecundarias del Estado ser\u00e1n beneficiados con estos materiales<br \/>\neducativos<\/p>\n<p>Cabe<br \/>\nmencionar que, durante esta gira, tambi\u00e9n se hizo entrega de material deportivo<br \/>\ny did\u00e1ctico a los centros escolares que fueron visitados.<\/p><\/p>\n","protected":false},"excerpt":{"rendered":"<p>Entregan material escolar en comunidades de Champot\u00f3n&#8230;<\/p>\n","protected":false},"author":1018,"featured_media":0,"comment_status":"open","ping_status":"open","sticky":false,"template":"","format":"standard","meta":{"tdm_status":"","tdm_grid_status":"","footnotes":""},"categories":[27],"tags":[],"_links":{"self":[{"href":"https:\/\/dralvarez.com.mx\/larevista\/wp-json\/wp\/v2\/posts\/68616"}],"collection":[{"href":"https:\/\/dralvarez.com.mx\/larevista\/wp-json\/wp\/v2\/posts"}],"about":[{"href":"https:\/\/dralvarez.com.mx\/larevista\/wp-json\/wp\/v2\/types\/post"}],"author":[{"embeddable":true,"href":"https:\/\/dralvarez.com.mx\/larevista\/wp-json\/wp\/v2\/users\/1018"}],"replies":[{"embeddable":true,"href":"https:\/\/dralvarez.com.mx\/larevista\/wp-json\/wp\/v2\/comments?post=68616"}],"version-history":[{"count":0,"href":"https:\/\/dralvarez.com.mx\/larevista\/wp-json\/wp\/v2\/posts\/68616\/revisions"}],"wp:attachment":[{"href":"https:\/\/dralvarez.com.mx\/larevista\/wp-json\/wp\/v2\/media?parent=68616"}],"wp:term":[{"taxonomy":"category","embeddable":true,"href":"https:\/\/dralvarez.com.mx\/larevista\/wp-json\/wp\/v2\/categories?post=68616"},{"taxonomy":"post_tag","embeddable":true,"href":"https:\/\/dralvarez.com.mx\/larevista\/wp-json\/wp\/v2\/tags?post=68616"}],"curies":[{"name":"wp","href":"https:\/\/api.w.org\/{rel}","templated":true}]}}