{"id":68606,"date":"2018-08-21T00:00:00","date_gmt":"2018-08-21T06:00:00","guid":{"rendered":"https:\/\/dralvarez.com.mx\/larevista\/blog\/imparten-conferencia-sirviendo-con-dignidad-el-adulto-mayor-un-ciudadano-que-requiere-atencion-de-calidad-28652"},"modified":"2018-08-21T00:00:00","modified_gmt":"2018-08-21T06:00:00","slug":"imparten-conferencia-sirviendo-con-dignidad-el-adulto-mayor-un-ciudadano-que-requiere-atencion-de-calidad-28652","status":"publish","type":"post","link":"https:\/\/dralvarez.com.mx\/larevista\/compeche\/imparten-conferencia-sirviendo-con-dignidad-el-adulto-mayor-un-ciudadano-que-requiere-atencion-de-calidad-28652","title":{"rendered":"Imparten conferencia \u201csirviendo con dignidad: el adulto mayor, un ciudadano que requiere atenci\u00f3n de calidad"},"content":{"rendered":"<p>La conferencia \u201cSirviendo con dignidad: el Adulto Mayor, un ciudadano que requiere atenci\u00f3n de calidad\u201d proporcion\u00f3 a los participantes herramientas pr\u00e1cticas, por medio de la reflexi\u00f3n y t\u00e9cnicas vivenciales que los llev\u00f3 a la redignificaci\u00f3n del adulto mayor, evento organizado por el Sistema Estatal para el Desarrollo Integral de la Familia (DIF), a trav\u00e9s de la Direcci\u00f3n de Atenci\u00f3n Integral al Adulto Mayor (DAIAM), como parte del proyecto \u201cVive DIFerente, haciendo equipo con gente grande\u201d.<\/p>\n<p>La pl\u00e1tica fue impartida por Ra\u00fal Armando Rodr\u00edguez Sansores y Laila Gant\u00fas Sansores, quienes se encargaron de sensibilizar a los prestadores de servicios para que la atenci\u00f3n hacia los adultos mayores sea cordial y respetuosa, entendiendo sus necesidades, contribuyendo a una mayor satisfacci\u00f3n y bienestar.<\/p>\n<p>A nombre de la Presidenta del Patronato del DIF Estatal, Christelle Casta\u00f1\u00f3n de Moreno, la Coordinadora del Hogar de Ancianos \u201cDolores Lanz de Echeverr\u00eda\u201d, Alma Ar\u00e9char Narv\u00e1ez, acompa\u00f1ada por la Presidenta del Patronato \u201cUn Coraz\u00f3n Grande\u201d, Victoria Damas de Aysa, agradeci\u00f3 a los asistentes su participaci\u00f3n e inter\u00e9s por capacitarse.<\/p>\n<p>Participaron prestadores de servicios hoteleros, restauranteros, gu\u00edas de turistas, tour operadores, transportistas, taxistas, personal del hogar de ancianos y p\u00fablico en general.<\/p>\n","protected":false},"excerpt":{"rendered":"<p>La pl\u00e1tica fue impartida por Ra\u00fal Armando Rodr\u00edguez Sansores y Laila Gant\u00fas Sansores&#8230;<\/p>\n","protected":false},"author":1018,"featured_media":0,"comment_status":"open","ping_status":"open","sticky":false,"template":"","format":"standard","meta":{"tdm_status":"","tdm_grid_status":"","footnotes":""},"categories":[27],"tags":[],"_links":{"self":[{"href":"https:\/\/dralvarez.com.mx\/larevista\/wp-json\/wp\/v2\/posts\/68606"}],"collection":[{"href":"https:\/\/dralvarez.com.mx\/larevista\/wp-json\/wp\/v2\/posts"}],"about":[{"href":"https:\/\/dralvarez.com.mx\/larevista\/wp-json\/wp\/v2\/types\/post"}],"author":[{"embeddable":true,"href":"https:\/\/dralvarez.com.mx\/larevista\/wp-json\/wp\/v2\/users\/1018"}],"replies":[{"embeddable":true,"href":"https:\/\/dralvarez.com.mx\/larevista\/wp-json\/wp\/v2\/comments?post=68606"}],"version-history":[{"count":0,"href":"https:\/\/dralvarez.com.mx\/larevista\/wp-json\/wp\/v2\/posts\/68606\/revisions"}],"wp:attachment":[{"href":"https:\/\/dralvarez.com.mx\/larevista\/wp-json\/wp\/v2\/media?parent=68606"}],"wp:term":[{"taxonomy":"category","embeddable":true,"href":"https:\/\/dralvarez.com.mx\/larevista\/wp-json\/wp\/v2\/categories?post=68606"},{"taxonomy":"post_tag","embeddable":true,"href":"https:\/\/dralvarez.com.mx\/larevista\/wp-json\/wp\/v2\/tags?post=68606"}],"curies":[{"name":"wp","href":"https:\/\/api.w.org\/{rel}","templated":true}]}}