{"id":68573,"date":"2018-08-21T00:00:00","date_gmt":"2018-08-21T06:00:00","guid":{"rendered":"https:\/\/dralvarez.com.mx\/larevista\/blog\/gobernador-amc-inicia-entrega-de-utiles-escolares-a-mas-de-104-mil-alumnos-de-primaria-28617"},"modified":"2018-08-21T00:00:00","modified_gmt":"2018-08-21T06:00:00","slug":"gobernador-amc-inicia-entrega-de-utiles-escolares-a-mas-de-104-mil-alumnos-de-primaria-28617","status":"publish","type":"post","link":"https:\/\/dralvarez.com.mx\/larevista\/compeche\/gobernador-amc-inicia-entrega-de-utiles-escolares-a-mas-de-104-mil-alumnos-de-primaria-28617","title":{"rendered":"Gobernador AMC inicia entrega de \u00fatiles escolares a m\u00e1s de 104 mil alumnos de primaria"},"content":{"rendered":"<\/p>\n<p><b>HOPELCH\u00c9N-. <\/b>El gobernador Alejandro Moreno C\u00e1rdenas encabez\u00f3 aqu\u00ed<br \/>\nel arranque del ciclo escolar 2018-2019 y dio inicio a la entrega de m\u00e1s de 104<br \/>\nmil paquetes de \u00fatiles escolares a alumnos de 727 escuelas primarias p\u00fablicas<br \/>\nurbanas, rurales e ind\u00edgenas de todo el estado, mediante la inversi\u00f3n de 20.6<br \/>\nmillones de pesos.<\/p>\n<p>En el marco de una gira de trabajo por la cabecera<br \/>\nmunicipal de Hopelch\u00e9n, tambi\u00e9n inaugur\u00f3 la construcci\u00f3n de 629 metros lineales<br \/>\nde calles de concreto hidr\u00e1ulico en la colonia Aviaci\u00f3n, con un monto de cuatro<br \/>\nmillones 277 mil 443 pesos, y presidi\u00f3, en la localidad de Dzitbalch\u00e9n, la<br \/>\nceremonia conmemorativa del 25 aniversario del Instituto de Capacitaci\u00f3n para<br \/>\nel Trabajo del Estado de Campeche (Icatcam).<\/p>\n<p>En la cancha techada<br \/>\nde la escuela primaria \u201cPresidente L\u00e1zaro C\u00e1rdenas\u201d, acompa\u00f1ado del alcalde Jos\u00e9<br \/>\nIgnacio Espa\u00f1a Novelo, el mandatario dio inicio, de manera simult\u00e1nea en toda<br \/>\nla entidad, a la entrega de 53 mil paquetes de \u00fatiles escolares a igual<br \/>\ncantidad de ni\u00f1os de 212 escuelas primarias urbanas, centros de Atenci\u00f3n M\u00faltiple<br \/>\ny el Centro de Alto Rendimiento. <\/p>\n<p>Mientras que, a<br \/>\ntrav\u00e9s del Consejo Nacional de Fomento Educativo (Conafe), puso en marcha la<br \/>\ndistribuci\u00f3n de 51 mil 427 paquetes escolares en 515 primarias rurales e ind\u00edgenas de todo el estado.<\/p>\n<p>Ante alumnos, padres de familia, docentes y<br \/>\ndirectivos, Moreno C\u00e1rdenas sostuvo que gracias al gobierno del presidente Enrique Pe\u00f1a Nieto, se han<br \/>\nmodernizado m\u00e1s de mil 46 centros educativos que ten\u00edan 10, 20, 30 y 40 a\u00f1os sin<br \/>\nser intervenidos, cifra que representa pr\u00e1cticamente el 70 por ciento de todos<br \/>\nlos planteles de la entidad.<\/p>\n<p>Reiter\u00f3 su compromiso de que al t\u00e9rmino de su<br \/>\ngesti\u00f3n se habr\u00e1n rehabilitado, modernizado y construido el 100 por ciento de los<br \/>\nplanteles.<\/p>\n<p>El jefe del Ejecutivo estatal reconoci\u00f3 el trabajo y<br \/>\nesfuerzo de los docentes, al tiempo que asegur\u00f3 que fortalecer\u00e1 las acciones<br \/>\npara impulsar el nuevo modelo educativo, a fin de que los ni\u00f1os y j\u00f3venes<br \/>\ncampechanos est\u00e9n mejor preparados acad\u00e9micamente.<\/p>\n<p>\u201cLas maestras y los maestros campechanos han<br \/>\ncumplido siempre con las evaluaciones, con la capacitaci\u00f3n y con la<br \/>\nprofesionalizaci\u00f3n; me siento muy orgulloso porque los docentes campechanos son<br \/>\nejemplo a nivel nacional\u201d, manifest\u00f3.<\/p>\n<p>Moreno C\u00e1rdenas, reafirm\u00f3 su compromiso de trabajar cerca<br \/>\nde la gente, pues como responsable de la pol\u00edtica econ\u00f3mica-social del estado no<br \/>\nsolo debe escuchar, sino dar respuestas y soluciones a la poblaci\u00f3n.<\/p>\n<p>El mandatario hizo \u00e9nfasis en su llamado a seguir<br \/>\ntrabajando en equipo, sumar esfuerzos y voluntades para otorgar mayores<br \/>\nbeneficios a los campechanos.<\/p><\/p>\n","protected":false},"excerpt":{"rendered":"<p>Encabeza ceremonia de arranque del ciclo escolar 2018-2019<\/p>\n","protected":false},"author":1018,"featured_media":0,"comment_status":"open","ping_status":"open","sticky":false,"template":"","format":"standard","meta":{"tdm_status":"","tdm_grid_status":"","footnotes":""},"categories":[27],"tags":[],"_links":{"self":[{"href":"https:\/\/dralvarez.com.mx\/larevista\/wp-json\/wp\/v2\/posts\/68573"}],"collection":[{"href":"https:\/\/dralvarez.com.mx\/larevista\/wp-json\/wp\/v2\/posts"}],"about":[{"href":"https:\/\/dralvarez.com.mx\/larevista\/wp-json\/wp\/v2\/types\/post"}],"author":[{"embeddable":true,"href":"https:\/\/dralvarez.com.mx\/larevista\/wp-json\/wp\/v2\/users\/1018"}],"replies":[{"embeddable":true,"href":"https:\/\/dralvarez.com.mx\/larevista\/wp-json\/wp\/v2\/comments?post=68573"}],"version-history":[{"count":0,"href":"https:\/\/dralvarez.com.mx\/larevista\/wp-json\/wp\/v2\/posts\/68573\/revisions"}],"wp:attachment":[{"href":"https:\/\/dralvarez.com.mx\/larevista\/wp-json\/wp\/v2\/media?parent=68573"}],"wp:term":[{"taxonomy":"category","embeddable":true,"href":"https:\/\/dralvarez.com.mx\/larevista\/wp-json\/wp\/v2\/categories?post=68573"},{"taxonomy":"post_tag","embeddable":true,"href":"https:\/\/dralvarez.com.mx\/larevista\/wp-json\/wp\/v2\/tags?post=68573"}],"curies":[{"name":"wp","href":"https:\/\/api.w.org\/{rel}","templated":true}]}}