{"id":68572,"date":"2018-08-21T00:00:00","date_gmt":"2018-08-21T06:00:00","guid":{"rendered":"https:\/\/dralvarez.com.mx\/larevista\/blog\/retos-y-altas-expectativas-para-el-ciclo-escolar-2018-2019-medina-farfan-28616"},"modified":"2018-08-21T00:00:00","modified_gmt":"2018-08-21T06:00:00","slug":"retos-y-altas-expectativas-para-el-ciclo-escolar-2018-2019-medina-farfan-28616","status":"publish","type":"post","link":"https:\/\/dralvarez.com.mx\/larevista\/compeche\/retos-y-altas-expectativas-para-el-ciclo-escolar-2018-2019-medina-farfan-28616","title":{"rendered":"Retos y altas expectativas para el ciclo escolar 2018-2019: medina farf\u00e1n"},"content":{"rendered":"<\/p>\n<p>El ciclo escolar 2018- 2019 arranca con altas expectativas, tanto en la ejecuci\u00f3n de planes, programas y acciones, como con la encomienda de ejecutar adecuadamente el nuevo modelo educativo y fortalecer la educaci\u00f3n del Estado, asegur\u00f3 el titular de la Secretar\u00eda de Educaci\u00f3n (SEDUC), Ricardo Medina Farf\u00e1n, quien se\u00f1al\u00f3 de acuerdo con la matr\u00edcula pronosticada, m\u00e1s de 259 mil alumnos de todos los niveles educativos, iniciaron este lunes 20 de agosto sus actividades acad\u00e9micas en sus respectivos planteles.<\/p>\n<p>El funcionario estatal indic\u00f3 que de manera formal este lunes dio inicio el ciclo escolar 2018- 2019, con un incremento del 1.4 por ciento en la matr\u00edcula, en comparaci\u00f3n con el registro del ciclo escolar pasado, lo que representa un incremento en la cobertura y la captaci\u00f3n de alumnos, y refleja, la educaci\u00f3n se mantiene como pilar fundamental para cambiar la vida de las personas.<\/p>\n<p>Detall\u00f3 que en total, el pron\u00f3stico de la matr\u00edcula escolar se\u00f1ala que se atender\u00e1n a 259 mil 528 alumnos de todos los niveles, de los cuales: 187 mil 100 pertenecen a los niveles de preescolar, primaria y secundaria; 40 mil 540 de media superior y 31 mil 888 de superior.<\/p>\n<p>Medina Farf\u00e1n puntualiz\u00f3 que este ciclo representa un a\u00f1o de nuevos retos y consolidaci\u00f3n de logros para el sector educativo en la entidad, por lo que se trabajar\u00e1 para reforzar los trabajos que se han implementado desde el inicio de la presente administraci\u00f3n; ejemplo de ello, dijo, es el transporte escolar gratuito, para el que se espera estructurar nuevas rutas y el programa Google for Education, para otorgar equipos tecnol\u00f3gicos a un mayor n\u00famero de alumnos, entre otros m\u00e1s.<\/p>\n<p>\u201cHoy el sistema educativo de Campeche abre sus puertas a ni\u00f1as, ni\u00f1os y j\u00f3venes para desarrollar lo mejor que tenemos que es su talento, porque el motor de nuestro Estado es el talento de su gente, y este se va fortaleciendo diariamente en las escuelas; por eso, con el arranque de este ciclo escolar 2018-2019, denota una pauta para un proceso de transformaci\u00f3n en la ense\u00f1anza, y la aplicaci\u00f3n del nuevo modelo educativo, sin duda ser\u00e1 parte fundamental para obtener m\u00e1s logros y continuar posicion\u00e1ndonos en los primeros lugares a nivel nacional\u201d, concluy\u00f3.<\/p><\/p>\n","protected":false},"excerpt":{"rendered":"<p>El ciclo escolar 2018- 2019 arranca con altas expectativas, tanto en la ejecuci\u00f3n de planes, programas y acciones&#8230;<\/p>\n","protected":false},"author":1018,"featured_media":0,"comment_status":"open","ping_status":"open","sticky":false,"template":"","format":"standard","meta":{"tdm_status":"","tdm_grid_status":"","footnotes":""},"categories":[27],"tags":[],"_links":{"self":[{"href":"https:\/\/dralvarez.com.mx\/larevista\/wp-json\/wp\/v2\/posts\/68572"}],"collection":[{"href":"https:\/\/dralvarez.com.mx\/larevista\/wp-json\/wp\/v2\/posts"}],"about":[{"href":"https:\/\/dralvarez.com.mx\/larevista\/wp-json\/wp\/v2\/types\/post"}],"author":[{"embeddable":true,"href":"https:\/\/dralvarez.com.mx\/larevista\/wp-json\/wp\/v2\/users\/1018"}],"replies":[{"embeddable":true,"href":"https:\/\/dralvarez.com.mx\/larevista\/wp-json\/wp\/v2\/comments?post=68572"}],"version-history":[{"count":0,"href":"https:\/\/dralvarez.com.mx\/larevista\/wp-json\/wp\/v2\/posts\/68572\/revisions"}],"wp:attachment":[{"href":"https:\/\/dralvarez.com.mx\/larevista\/wp-json\/wp\/v2\/media?parent=68572"}],"wp:term":[{"taxonomy":"category","embeddable":true,"href":"https:\/\/dralvarez.com.mx\/larevista\/wp-json\/wp\/v2\/categories?post=68572"},{"taxonomy":"post_tag","embeddable":true,"href":"https:\/\/dralvarez.com.mx\/larevista\/wp-json\/wp\/v2\/tags?post=68572"}],"curies":[{"name":"wp","href":"https:\/\/api.w.org\/{rel}","templated":true}]}}