{"id":68541,"date":"2018-08-20T00:00:00","date_gmt":"2018-08-20T06:00:00","guid":{"rendered":"https:\/\/dralvarez.com.mx\/larevista\/blog\/dif-estatal-invita-a-personas-con-discapacidad-a-inscribirse-al-centro-de-capacitacion-laboral-dirigida-oxxo-en-carmen-28584"},"modified":"2018-08-20T00:00:00","modified_gmt":"2018-08-20T06:00:00","slug":"dif-estatal-invita-a-personas-con-discapacidad-a-inscribirse-al-centro-de-capacitacion-laboral-dirigida-oxxo-en-carmen-28584","status":"publish","type":"post","link":"https:\/\/dralvarez.com.mx\/larevista\/compeche\/dif-estatal-invita-a-personas-con-discapacidad-a-inscribirse-al-centro-de-capacitacion-laboral-dirigida-oxxo-en-carmen-28584","title":{"rendered":"DIF estatal invita a personas con discapacidad a inscribirse al centro de capacitaci\u00f3n laboral dirigida oxxo en Carmen"},"content":{"rendered":"<\/p>\n<p>Trabajando en equipo por la inclusi\u00f3n laboral y<br \/>\ncon el objetivo de impulsar el desarrollo de las personas con discapacidad, el<br \/>\nSistema Estatal para el Desarrollo Integral de la Familia (DIF), la Secretar\u00eda<br \/>\nde Trabajo y Previsi\u00f3n Social (STPSCAM) y el Grupo Femsa, invitan a las<br \/>\npersonas con discapacidad auditiva e intelectual, que sean mayores de edad y<br \/>\nradicadas en el municipio de Carmen, a inscribirse al Centro de Capacitaci\u00f3n<br \/>\nLaboral Dirigida Oxxo. Cabe mencionar que \u00e9ste ser\u00e1 el segundo en su g\u00e9nero, dado<br \/>\nque ya funciona uno en la ciudad capital San Francisco de Campeche desde el a\u00f1o<br \/>\npasado.<\/p>\n<p>Las inscripciones se encuentran abiertas y<br \/>\npueden realizarse en la coordinaci\u00f3n del Centro Regional de Rehabilitaci\u00f3n<br \/>\nIntegral (CRRI) en Ciudad del Carmen; para mayores informes, los interesados<br \/>\npueden solicitar informaci\u00f3n m\u00e1s detallada en las propias instalaciones del<br \/>\ncentro, ubicado en la calle ISSSTE Petrolera, o al tel\u00e9fono 938 3825828,<br \/>\nasimismo deben entregar copias de su credencial de discapacidad del DIF Nacional\/INAPAM,<br \/>\ndiagn\u00f3stico VALPAR y ser mayores de 18 a\u00f1os. De esta forma, el DIF Estatal, las<br \/>\ninstituciones y las empresas reafirman su compromiso de generar valor social y<br \/>\necon\u00f3mico en apoyo a las personas con discapacidad, convirti\u00e9ndose en unos<br \/>\ngeneradores de oportunidades y promotores de sana convivencia.<\/p>\n<p><\/p>\n","protected":false},"excerpt":{"rendered":"<p>Cabe mencionar que \u00e9ste ser\u00e1 el segundo en su g\u00e9nero, dado que ya funciona uno en la ciudad capital San Francisco de Campeche desde el a\u00f1o pasado&#8230;<\/p>\n","protected":false},"author":1018,"featured_media":0,"comment_status":"open","ping_status":"open","sticky":false,"template":"","format":"standard","meta":{"tdm_status":"","tdm_grid_status":"","footnotes":""},"categories":[27],"tags":[],"_links":{"self":[{"href":"https:\/\/dralvarez.com.mx\/larevista\/wp-json\/wp\/v2\/posts\/68541"}],"collection":[{"href":"https:\/\/dralvarez.com.mx\/larevista\/wp-json\/wp\/v2\/posts"}],"about":[{"href":"https:\/\/dralvarez.com.mx\/larevista\/wp-json\/wp\/v2\/types\/post"}],"author":[{"embeddable":true,"href":"https:\/\/dralvarez.com.mx\/larevista\/wp-json\/wp\/v2\/users\/1018"}],"replies":[{"embeddable":true,"href":"https:\/\/dralvarez.com.mx\/larevista\/wp-json\/wp\/v2\/comments?post=68541"}],"version-history":[{"count":0,"href":"https:\/\/dralvarez.com.mx\/larevista\/wp-json\/wp\/v2\/posts\/68541\/revisions"}],"wp:attachment":[{"href":"https:\/\/dralvarez.com.mx\/larevista\/wp-json\/wp\/v2\/media?parent=68541"}],"wp:term":[{"taxonomy":"category","embeddable":true,"href":"https:\/\/dralvarez.com.mx\/larevista\/wp-json\/wp\/v2\/categories?post=68541"},{"taxonomy":"post_tag","embeddable":true,"href":"https:\/\/dralvarez.com.mx\/larevista\/wp-json\/wp\/v2\/tags?post=68541"}],"curies":[{"name":"wp","href":"https:\/\/api.w.org\/{rel}","templated":true}]}}