{"id":68511,"date":"2018-08-16T00:00:00","date_gmt":"2018-08-16T06:00:00","guid":{"rendered":"https:\/\/dralvarez.com.mx\/larevista\/blog\/se-trabaja-en-alianzas-para-fortalecer-la-educacion-en-campeche-medina-farfan-28552"},"modified":"2018-08-16T00:00:00","modified_gmt":"2018-08-16T06:00:00","slug":"se-trabaja-en-alianzas-para-fortalecer-la-educacion-en-campeche-medina-farfan-28552","status":"publish","type":"post","link":"https:\/\/dralvarez.com.mx\/larevista\/compeche\/se-trabaja-en-alianzas-para-fortalecer-la-educacion-en-campeche-medina-farfan-28552","title":{"rendered":"Se trabaja en alianzas para fortalecer la educaci\u00f3n en Campeche: Medina Farf\u00e1n"},"content":{"rendered":"<p><b><i><\/i><\/b><\/p>\n<blockquote><p><b><i>Signa convenio de colaboraci\u00f3n Fundaci\u00f3n Pablo Garc\u00eda con el CEUM.<\/i><\/b><\/p><\/blockquote>\n<p>Concretar alianzas que permitan un mayor n\u00famero de alumnos y consolide su educaci\u00f3n, es un trabajo que se realiza a diario desde la Secretar\u00eda de Educaci\u00f3n de Campeche (SEDUC) y con los diversos actores involucrados en este tema, asegur\u00f3 el titular de esta dependencia estatal, Ricardo Medina Farf\u00e1n, al fungir como testigo de honor en la firma de un convenio de colaboraci\u00f3n entre la Fundaci\u00f3n Pablo Garc\u00eda (FPG) y el Colegio de Estudios Universitarios del Mayab (CEUM).<\/p>\n<p>Precis\u00f3 que acciones como esta, en la que se establece un programa de becas para j\u00f3venes que desean cursar estudios de posgrado en alguno de los programas educativos que ofrece el Colegio, son fundamentales, pues permiten estrechar estrategias que abonan a contar con capital humano mejor preparado.<\/p>\n<p>\u201cInvertir en el talento y en los valores de los estudiantes, para que no pierdan sus oportunidades profesionales, es fundamental para que logren sus sue\u00f1os; por eso afianzar estas colaboraciones con instituciones privadas, comprometidas y que ofrecen educaci\u00f3n de calidad, sin duda nos llevar\u00e1 a lograr lo que se anhela, y con el apoyo de fundaciones como la Pablo Garc\u00eda, hace que la educaci\u00f3n sea abierta a todos y que todos tengan una oportunidad de estudiar\u201d, acot\u00f3.<\/p>\n<p>En acto realizado en las nuevas instalaciones de la Universidad, signaron el convenio el director de la FPG y el representante del CEUM, Jorge Esquivel Ruiz y Daniel Granja Peniche, respectivamente, a trav\u00e9s del que se enmarca la colaboraci\u00f3n interinstitucional mediante el que se otorgar\u00e1, con base a una convocatoria, becas del 50% para j\u00f3venes que deseen estudiar su posgrado en dicha instituci\u00f3n educativa.<\/p>\n<p>En el uso de la palabra, el representante del CEUM agradeci\u00f3 el apoyo que se le ha brindado a la instituci\u00f3n para ampliar la oferta educativa en Campeche; gracias a esto, dijo, se logr\u00f3 atender una matr\u00edcula de 180 alumnos inscritos en los tres niveles que atienden (Media Superior, Superior y Posgrado), y este convenio reafirma su compromiso por formar a m\u00e1s profesionales.<\/p>\n<p>Por su parte, el director de la FPG detall\u00f3 que en este acuerdo el organismo que representa cubrir\u00e1 un 30% en el pago de la colegiatura y el CEUM aportar\u00e1 otro 20%, siendo un beneficio total del 50 por ciento en la inscripci\u00f3n para quienes resulten beneficiados.<\/p>\n<p>Asimismo, resalt\u00f3 que con este acto, el CEUM se suma a las 18 instituciones con las que la FPG tiene convenio.<\/p>\n","protected":false},"excerpt":{"rendered":"<p>Signa convenio de colaboraci\u00f3n Fundaci\u00f3n Pablo Garc\u00eda con el CEUM&#8230;<\/p>\n","protected":false},"author":1018,"featured_media":0,"comment_status":"open","ping_status":"open","sticky":false,"template":"","format":"standard","meta":{"tdm_status":"","tdm_grid_status":"","footnotes":""},"categories":[27],"tags":[],"_links":{"self":[{"href":"https:\/\/dralvarez.com.mx\/larevista\/wp-json\/wp\/v2\/posts\/68511"}],"collection":[{"href":"https:\/\/dralvarez.com.mx\/larevista\/wp-json\/wp\/v2\/posts"}],"about":[{"href":"https:\/\/dralvarez.com.mx\/larevista\/wp-json\/wp\/v2\/types\/post"}],"author":[{"embeddable":true,"href":"https:\/\/dralvarez.com.mx\/larevista\/wp-json\/wp\/v2\/users\/1018"}],"replies":[{"embeddable":true,"href":"https:\/\/dralvarez.com.mx\/larevista\/wp-json\/wp\/v2\/comments?post=68511"}],"version-history":[{"count":0,"href":"https:\/\/dralvarez.com.mx\/larevista\/wp-json\/wp\/v2\/posts\/68511\/revisions"}],"wp:attachment":[{"href":"https:\/\/dralvarez.com.mx\/larevista\/wp-json\/wp\/v2\/media?parent=68511"}],"wp:term":[{"taxonomy":"category","embeddable":true,"href":"https:\/\/dralvarez.com.mx\/larevista\/wp-json\/wp\/v2\/categories?post=68511"},{"taxonomy":"post_tag","embeddable":true,"href":"https:\/\/dralvarez.com.mx\/larevista\/wp-json\/wp\/v2\/tags?post=68511"}],"curies":[{"name":"wp","href":"https:\/\/api.w.org\/{rel}","templated":true}]}}