{"id":68509,"date":"2018-08-16T00:00:00","date_gmt":"2018-08-16T06:00:00","guid":{"rendered":"https:\/\/dralvarez.com.mx\/larevista\/blog\/cobacam-abre-sus-puertas-para-recibir-a-mas-de-10-mil-alumnos-28550"},"modified":"2018-08-16T00:00:00","modified_gmt":"2018-08-16T06:00:00","slug":"cobacam-abre-sus-puertas-para-recibir-a-mas-de-10-mil-alumnos-28550","status":"publish","type":"post","link":"https:\/\/dralvarez.com.mx\/larevista\/compeche\/cobacam-abre-sus-puertas-para-recibir-a-mas-de-10-mil-alumnos-28550","title":{"rendered":"COBACAM abre sus puertas para recibir a m\u00e1s de 10 mil alumnos"},"content":{"rendered":"<p>Con m\u00e1s de 10 mil alumnos inscritos, el Colegio de Bachilleres del Estado de Campeche (COBACAM) inici\u00f3 el ciclo escolar 2018-2019 con un homenaje c\u00edvico realizado en el plantel 07 Tenabo, donde de manera simb\u00f3lica la Directora General, Adlemi Santiago Ram\u00edrez, dio el banderazo de inicio de actividades acad\u00e9micas en los 37 centros de educativos que conforman esta instituci\u00f3n.<\/p>\n<p>Cabe destacar que, en este ciclo escolar, el COBACAM capt\u00f3 a cuatro mil 254 alumnos de nuevo ingreso, lo que representa un poco m\u00e1s del 30 por ciento de los egresados de educaci\u00f3n media superior del Estado, colocando a la instituci\u00f3n como la m\u00e1s grande de nuestra Entidad, lo cual significa un gran compromiso para los docentes y administrativos con la calidad educativa.<\/p>\n<p>Asimismo, Santiago Ram\u00edrez expres\u00f3 su agradecimiento al Gobernador Alejandro Moreno C\u00e1rdenas por el apoyo y el impulso que en materia educativa ha dado al Estado, que se ha materializado en programas como \u201cGoogle for Educaction\u201d, que ha beneficiado a cuatro mil 481 j\u00f3venes del COBACAM; \u201cAprender en Grande\u201d, que beneficia a 630 alumnos de 15 centros educativos de la instituci\u00f3n, as\u00ed como las becas gestionadas que dan nuevas oportunidades de superaci\u00f3n los alumnos.<\/p>\n<p>En su mensaje de bienvenida, la Directora General tambi\u00e9n agradeci\u00f3 al personal directivo, maestros e intendencia por el trabajo invaluable que cada uno realiza todos los d\u00edas, deseando el mayor de los \u00e9xitos al nuevo director del plantel 07 Tenabo, H\u00e9ctor God\u00ednez Ru\u00edz, a la vez que exhort\u00f3 a los alumnos a emprender nuevos retos, basados en la dedicaci\u00f3n, constancia y responsabilidad que requieren los nuevos tiempos para edificar con visi\u00f3n y con talento un mejor futuro para s\u00ed mismos, sus familias y sus comunidades.<\/p>\n<p>A la ceremonia c\u00edvica tambi\u00e9n asistieron Jos\u00e9 Sagundo Rodr\u00edguez, Director Acad\u00e9mico; Julio Tuz Coll\u00ed, Director Administrativo; y Gloria Castro Mena, Directora de Educaci\u00f3n Continua.<\/p>\n","protected":false},"excerpt":{"rendered":"<p>Con m\u00e1s de 10 mil alumnos inscritos&#8230;<\/p>\n","protected":false},"author":1018,"featured_media":0,"comment_status":"open","ping_status":"open","sticky":false,"template":"","format":"standard","meta":{"tdm_status":"","tdm_grid_status":"","footnotes":""},"categories":[27],"tags":[],"_links":{"self":[{"href":"https:\/\/dralvarez.com.mx\/larevista\/wp-json\/wp\/v2\/posts\/68509"}],"collection":[{"href":"https:\/\/dralvarez.com.mx\/larevista\/wp-json\/wp\/v2\/posts"}],"about":[{"href":"https:\/\/dralvarez.com.mx\/larevista\/wp-json\/wp\/v2\/types\/post"}],"author":[{"embeddable":true,"href":"https:\/\/dralvarez.com.mx\/larevista\/wp-json\/wp\/v2\/users\/1018"}],"replies":[{"embeddable":true,"href":"https:\/\/dralvarez.com.mx\/larevista\/wp-json\/wp\/v2\/comments?post=68509"}],"version-history":[{"count":0,"href":"https:\/\/dralvarez.com.mx\/larevista\/wp-json\/wp\/v2\/posts\/68509\/revisions"}],"wp:attachment":[{"href":"https:\/\/dralvarez.com.mx\/larevista\/wp-json\/wp\/v2\/media?parent=68509"}],"wp:term":[{"taxonomy":"category","embeddable":true,"href":"https:\/\/dralvarez.com.mx\/larevista\/wp-json\/wp\/v2\/categories?post=68509"},{"taxonomy":"post_tag","embeddable":true,"href":"https:\/\/dralvarez.com.mx\/larevista\/wp-json\/wp\/v2\/tags?post=68509"}],"curies":[{"name":"wp","href":"https:\/\/api.w.org\/{rel}","templated":true}]}}