{"id":68506,"date":"2018-08-16T00:00:00","date_gmt":"2018-08-16T06:00:00","guid":{"rendered":"https:\/\/dralvarez.com.mx\/larevista\/blog\/dif-estatal-entrego-22-aparatos-funcionales-y-apoyos-diversos-28547"},"modified":"2018-08-16T00:00:00","modified_gmt":"2018-08-16T06:00:00","slug":"dif-estatal-entrego-22-aparatos-funcionales-y-apoyos-diversos-28547","status":"publish","type":"post","link":"https:\/\/dralvarez.com.mx\/larevista\/compeche\/dif-estatal-entrego-22-aparatos-funcionales-y-apoyos-diversos-28547","title":{"rendered":"DIF Estatal entreg\u00f3 22 aparatos funcionales y apoyos diversos"},"content":{"rendered":"<p>La Directora General del Sistema Estatal para el Desarrollo Integral de la Familia (DIF), Silvia Elena Parrao Arceo, en representaci\u00f3n de la Presidenta del Patronato, Christelle Casta\u00f1\u00f3n de Moreno, entreg\u00f3 22 aparatos funcionales y apoyos diversos, a trav\u00e9s de la Direcci\u00f3n de Atenci\u00f3n Social y Discapacidad, con el objetivo de beneficiar a la poblaci\u00f3n vulnerable del Estado. Del total, fueron 13 sillas de ruedas donadas por la C\u00e1mara Mexicana de la Industria de la Construcci\u00f3n (CEMIC); a una persona se le benefici\u00f3 con un par de zapatos ortop\u00e9dicos; se realiz\u00f3 una canalizaci\u00f3n; se entreg\u00f3 un vale de medicamentos, se benefici\u00f3 a un paciente con protocolo implante coclear, as\u00ed como la sedaci\u00f3n, resonancia magn\u00e9tica y estudio audiol\u00f3gico, acto que tuvo lugar en el sal\u00f3n azul de la Mansi\u00f3n Carvajal.<\/p>\n","protected":false},"excerpt":{"rendered":"<p>Con el objetivo de beneficiar a la poblaci\u00f3n vulnerable del Estado&#8230;<\/p>\n","protected":false},"author":1018,"featured_media":0,"comment_status":"open","ping_status":"open","sticky":false,"template":"","format":"standard","meta":{"tdm_status":"","tdm_grid_status":"","footnotes":""},"categories":[27],"tags":[],"_links":{"self":[{"href":"https:\/\/dralvarez.com.mx\/larevista\/wp-json\/wp\/v2\/posts\/68506"}],"collection":[{"href":"https:\/\/dralvarez.com.mx\/larevista\/wp-json\/wp\/v2\/posts"}],"about":[{"href":"https:\/\/dralvarez.com.mx\/larevista\/wp-json\/wp\/v2\/types\/post"}],"author":[{"embeddable":true,"href":"https:\/\/dralvarez.com.mx\/larevista\/wp-json\/wp\/v2\/users\/1018"}],"replies":[{"embeddable":true,"href":"https:\/\/dralvarez.com.mx\/larevista\/wp-json\/wp\/v2\/comments?post=68506"}],"version-history":[{"count":0,"href":"https:\/\/dralvarez.com.mx\/larevista\/wp-json\/wp\/v2\/posts\/68506\/revisions"}],"wp:attachment":[{"href":"https:\/\/dralvarez.com.mx\/larevista\/wp-json\/wp\/v2\/media?parent=68506"}],"wp:term":[{"taxonomy":"category","embeddable":true,"href":"https:\/\/dralvarez.com.mx\/larevista\/wp-json\/wp\/v2\/categories?post=68506"},{"taxonomy":"post_tag","embeddable":true,"href":"https:\/\/dralvarez.com.mx\/larevista\/wp-json\/wp\/v2\/tags?post=68506"}],"curies":[{"name":"wp","href":"https:\/\/api.w.org\/{rel}","templated":true}]}}