{"id":68505,"date":"2018-08-16T00:00:00","date_gmt":"2018-08-16T06:00:00","guid":{"rendered":"https:\/\/dralvarez.com.mx\/larevista\/blog\/luis-jorge-medina-minet-superviso-el-empaquetado-de-los-utiles-escolares-del-programa-aprende-28546"},"modified":"2018-08-16T00:00:00","modified_gmt":"2018-08-16T06:00:00","slug":"luis-jorge-medina-minet-superviso-el-empaquetado-de-los-utiles-escolares-del-programa-aprende-28546","status":"publish","type":"post","link":"https:\/\/dralvarez.com.mx\/larevista\/compeche\/luis-jorge-medina-minet-superviso-el-empaquetado-de-los-utiles-escolares-del-programa-aprende-28546","title":{"rendered":"Luis Jorge Medina Minet, supervis\u00f3 el empaquetado de los \u00fatiles escolares del programa APRENDE"},"content":{"rendered":"<p>El encargado del despacho de la Secretar\u00eda de Desarrollo Social y Humano (SEDESYH), Luis Jorge Medina Minet, supervis\u00f3 el empaquetado de los \u00fatiles escolares del programa APRENDE en su componente \u201cCrecimiento Educativo\u201d, que a partir del inicio del ciclo escolar 2018-2019, el Gobierno del Estado, a trav\u00e9s de la SEDESYH, en coordinaci\u00f3n con la Secretar\u00eda de Educaci\u00f3n (SEDUC), entregar\u00e1 a 53 mil ni\u00f1os de 212 primarias p\u00fablicas urbanas de las 11 cabeceras municipales. Cabe destacar que, en las primarias de la zona rural, el Consejo Nacional de Fomento Educativo (CONAFE) ser\u00e1 el encargado de otorgar los paquetes de \u00fatiles escolares.<\/p>\n","protected":false},"excerpt":{"rendered":"<p>\u00datiles escolares del programa APRENDE en su componente \u201cCrecimiento Educativo\u201d&#8230;<\/p>\n","protected":false},"author":1018,"featured_media":0,"comment_status":"open","ping_status":"open","sticky":false,"template":"","format":"standard","meta":{"tdm_status":"","tdm_grid_status":"","footnotes":""},"categories":[27],"tags":[],"_links":{"self":[{"href":"https:\/\/dralvarez.com.mx\/larevista\/wp-json\/wp\/v2\/posts\/68505"}],"collection":[{"href":"https:\/\/dralvarez.com.mx\/larevista\/wp-json\/wp\/v2\/posts"}],"about":[{"href":"https:\/\/dralvarez.com.mx\/larevista\/wp-json\/wp\/v2\/types\/post"}],"author":[{"embeddable":true,"href":"https:\/\/dralvarez.com.mx\/larevista\/wp-json\/wp\/v2\/users\/1018"}],"replies":[{"embeddable":true,"href":"https:\/\/dralvarez.com.mx\/larevista\/wp-json\/wp\/v2\/comments?post=68505"}],"version-history":[{"count":0,"href":"https:\/\/dralvarez.com.mx\/larevista\/wp-json\/wp\/v2\/posts\/68505\/revisions"}],"wp:attachment":[{"href":"https:\/\/dralvarez.com.mx\/larevista\/wp-json\/wp\/v2\/media?parent=68505"}],"wp:term":[{"taxonomy":"category","embeddable":true,"href":"https:\/\/dralvarez.com.mx\/larevista\/wp-json\/wp\/v2\/categories?post=68505"},{"taxonomy":"post_tag","embeddable":true,"href":"https:\/\/dralvarez.com.mx\/larevista\/wp-json\/wp\/v2\/tags?post=68505"}],"curies":[{"name":"wp","href":"https:\/\/api.w.org\/{rel}","templated":true}]}}