{"id":68502,"date":"2018-08-16T00:00:00","date_gmt":"2018-08-16T06:00:00","guid":{"rendered":"https:\/\/dralvarez.com.mx\/larevista\/blog\/docentes-profesionales-son-elementos-de-transformacion-positiva-en-las-escuelas-medina-farfan-28543"},"modified":"2018-08-16T00:00:00","modified_gmt":"2018-08-16T06:00:00","slug":"docentes-profesionales-son-elementos-de-transformacion-positiva-en-las-escuelas-medina-farfan-28543","status":"publish","type":"post","link":"https:\/\/dralvarez.com.mx\/larevista\/compeche\/docentes-profesionales-son-elementos-de-transformacion-positiva-en-las-escuelas-medina-farfan-28543","title":{"rendered":"Docentes profesionales son elementos de transformaci\u00f3n positiva en las escuelas: Medina Farf\u00e1n"},"content":{"rendered":"<p><b><i><\/i><\/b><\/p>\n<blockquote><p><b><i>Realizan asignaci\u00f3n de plazas a docentes de nuevo ingreso en la Educaci\u00f3n B\u00e1sica.<\/i><\/b><\/p><\/blockquote>\n<p>\u201cUn docente con una adecuada formaci\u00f3n profesional, que obtiene con base a su m\u00e9rito el acceso al desempe\u00f1o de sus funciones, es sin duda un docente con un horizonte profesional que va a generar una transformaci\u00f3n positiva en nuestras escuelas, que va a impactar para que nuestras ni\u00f1as, ni\u00f1os y j\u00f3venes puedan transformar Campeche y eso s\u00f3lo es posible y mediable gracias al Servicio Profesional Docente\u201d, se\u00f1al\u00f3 el titular de la Secretar\u00eda de Educaci\u00f3n (SEDUC), Ricardo Medina Farf\u00e1n, ante los 638 sustentantes que obtuvieron resultados id\u00f3neos en el Concurso de Oposici\u00f3n para el Ingreso a la Educaci\u00f3n B\u00e1sica del ciclo escolar 2018-2019.<\/p>\n<p>En el acto p\u00fablico de asignaci\u00f3n de plazas que se llev\u00f3 a cabo en la Escuela Primaria \u201cJusto Sierra M\u00e9ndez\u201d, el titular de la SEDUC sostuvo que este tipo de acciones marcan un proceso de cambio significativo, pero no s\u00f3lo en el sector educativo de Campeche sino en todo el pa\u00eds, al asegurar que al realizarse este tipo de acciones los mejores docentes ser\u00e1n quienes est\u00e9n impartiendo clases en las aulas.<\/p>\n<p>En este marco, aprovech\u00f3 para resaltar la funci\u00f3n del personal frente a grupo y precis\u00f3 que es fundamental que el docente de nuevo ingreso realice sus funciones con \u00edmpetu, con pasi\u00f3n, con excelencia, para que las nuevas generaciones tengan una formaci\u00f3n de vanguardia, y que con su ejemplo diario se abone a la calidad educativa, que es el fin \u00faltimo de las acciones y trabajos que se desarrollan en esta dependencia estatal.<\/p>\n<p>\u201cY por ello esta ma\u00f1ana el llamado es que esperamos contar con ustedes, con su empuje y entrega, nuestra meta debe de ser todos los d\u00edas trabajar para consolidar la educaci\u00f3n de calidad que las ni\u00f1as, ni\u00f1os y j\u00f3venes de Campeche merecen,  y por eso se los repito, estoy convencido que ustedes ser\u00e1n este motor de cambio positivo en las escuelas, porque Campeche afortunadamente tiene maestros de excelencia y no nos cansamos de reconocerlo; por este motivo tambi\u00e9n es que es nuestro compromiso ser\u00e1 prepararlos y brindarles capacitaci\u00f3n constante; como prueba de ello es que pronto se inaugurar\u00e1 el Centro de Formaci\u00f3n Continua para que los docentes, y ahora ustedes tambi\u00e9n, no dejen de prepararse para cumplir bien con su misi\u00f3n\u201d, acot\u00f3.<\/p>\n<p>En su mensaje, Medina Farf\u00e1n detall\u00f3 que en total, desde que se iniciaron estos procesos en el Estado, seis mil personas han participado en los concursos de nuevo ingreso, y de esta suma dos mil 649 han obtenido resultados id\u00f3neos, permiti\u00e9ndoles a estos \u00faltimos una oportunidad de empleo.<\/p>\n<p>El titular de la SEDUC a\u00f1adi\u00f3 que como muestra del compromiso del magisterio en el Estado, del cien por ciento de los maestros en activo que han sido parte de la evaluaci\u00f3n del desempe\u00f1o, el 90 por ciento lo ha aprobado sin mayor contra tiempo, y de estos, el 60 por ciento lo ha hecho con niveles de bueno, destacado, con niveles sobresalientes, lo que les ha abierto la puertas a est\u00edmulos y reconocimientos importantes.<\/p>\n<p>Por su parte, el enlace del SPD en Campeche, Carlos S\u00e1nchez Preve, detall\u00f3 que fueron 638 participantes quienes obtuvieron resultados id\u00f3neos en el Concurso de Oposici\u00f3n para el Ingreso a la Educaci\u00f3n B\u00e1sica del ciclo escolar 2018-2019; y precis\u00f3 en esta jornada se ofertaron 257 plazas definitivas y temporales (correspondientes a suplencias o licencias de gravidez, entre otros); as\u00ed como dos mil 528 horas, semana o mes.<\/p>\n<p>Cabe mencionar que aquellos aspirantes que en esta ocasi\u00f3n no obtuvieron alg\u00fan espacio, forman parte de la lista de prelaci\u00f3n, la cual tiene vigencia hasta el 31 de mayo de 2019, y los lugares que se vayan liberando durante el ciclo, se ir\u00e1n asignando con base a la misma.<\/p>\n","protected":false},"excerpt":{"rendered":"<p>Realizan asignaci\u00f3n de plazas a docentes de nuevo ingreso en la Educaci\u00f3n B\u00e1sica&#8230;<\/p>\n","protected":false},"author":1018,"featured_media":0,"comment_status":"open","ping_status":"open","sticky":false,"template":"","format":"standard","meta":{"tdm_status":"","tdm_grid_status":"","footnotes":""},"categories":[27],"tags":[],"_links":{"self":[{"href":"https:\/\/dralvarez.com.mx\/larevista\/wp-json\/wp\/v2\/posts\/68502"}],"collection":[{"href":"https:\/\/dralvarez.com.mx\/larevista\/wp-json\/wp\/v2\/posts"}],"about":[{"href":"https:\/\/dralvarez.com.mx\/larevista\/wp-json\/wp\/v2\/types\/post"}],"author":[{"embeddable":true,"href":"https:\/\/dralvarez.com.mx\/larevista\/wp-json\/wp\/v2\/users\/1018"}],"replies":[{"embeddable":true,"href":"https:\/\/dralvarez.com.mx\/larevista\/wp-json\/wp\/v2\/comments?post=68502"}],"version-history":[{"count":0,"href":"https:\/\/dralvarez.com.mx\/larevista\/wp-json\/wp\/v2\/posts\/68502\/revisions"}],"wp:attachment":[{"href":"https:\/\/dralvarez.com.mx\/larevista\/wp-json\/wp\/v2\/media?parent=68502"}],"wp:term":[{"taxonomy":"category","embeddable":true,"href":"https:\/\/dralvarez.com.mx\/larevista\/wp-json\/wp\/v2\/categories?post=68502"},{"taxonomy":"post_tag","embeddable":true,"href":"https:\/\/dralvarez.com.mx\/larevista\/wp-json\/wp\/v2\/tags?post=68502"}],"curies":[{"name":"wp","href":"https:\/\/api.w.org\/{rel}","templated":true}]}}