{"id":68501,"date":"2018-08-16T00:00:00","date_gmt":"2018-08-16T06:00:00","guid":{"rendered":"https:\/\/dralvarez.com.mx\/larevista\/blog\/libros-de-texto-gratuito-con-materiales-basados-en-estudios-profesionales-pedagogicos-y-cientificos-medina-farfan-28542"},"modified":"2018-08-16T00:00:00","modified_gmt":"2018-08-16T06:00:00","slug":"libros-de-texto-gratuito-con-materiales-basados-en-estudios-profesionales-pedagogicos-y-cientificos-medina-farfan-28542","status":"publish","type":"post","link":"https:\/\/dralvarez.com.mx\/larevista\/compeche\/libros-de-texto-gratuito-con-materiales-basados-en-estudios-profesionales-pedagogicos-y-cientificos-medina-farfan-28542","title":{"rendered":"Libros de texto gratuito con materiales basados en estudios profesionales, pedag\u00f3gicos y cient\u00edficos: Medina Farf\u00e1n"},"content":{"rendered":"<p><b><i><\/i><\/b><\/p>\n<blockquote><p><b><i>Atiende titular de SEDUC inquietudes de la Uni\u00f3n Nacional de Padres de Familia.<\/i><\/b><\/p><\/blockquote>\n<p>El titular de la Secretar\u00eda de Educaci\u00f3n de Campeche (SEDUC), Ricardo Medina Farf\u00e1n, sostuvo un encuentro con representantes de la Uni\u00f3n Nacional de Padres de Familia, a fin de solventar sus dudas e inquietudes respecto a los acervos bibliogr\u00e1ficos emitidos por la Comisi\u00f3n Nacional de Libros de Texto Gratuito (CONALITEG).<\/p>\n<p>Durante esta reuni\u00f3n sostenida en la Sala Campeche de la SEDUC, Medina Farf\u00e1n reiter\u00f3 que, en los libros de texto que ser\u00e1n entregados a los alumnos a partir del pr\u00f3ximo 20 de agosto, al iniciar el ciclo escolar, solamente contiene materiales basados en estudios profesionales, pedag\u00f3gicos y cient\u00edficos, \u00f3ptimos para el sano aprendizaje de los estudiantes.<\/p>\n<p>El titular de la SEDUC afirm\u00f3 ante Nicte-Ha Aguilera Silva, representante de este grupo, que de ninguna forma se vulneran los derechos superiores de los ni\u00f1os, ni se atenta contra la integridad de los menores o se plantea alg\u00fan tema referente a la implementaci\u00f3n de una ideolog\u00eda de g\u00e9nero, pero s\u00ed se abordan tem\u00e1ticas de gran inter\u00e9s como el noviazgo, las relaciones sexuales, y el desarrollo f\u00edsico de los hombres y las mujeres, entre otros m\u00e1s.<\/p>\n<p>El funcionario estatal convoc\u00f3 a los integrantes de esta agrupaci\u00f3n a revisar a profundidad el material que ser\u00e1 distribuido en el pr\u00f3ximo ciclo escolar y evitar la desinformaci\u00f3n, ya que en muchos casos se confunde a los padres de familia.<\/p>\n<p>Por lo que, por \u00faltimo, invit\u00f3 a la comunidad en general a analizar el material con el que se trabajar\u00e1 durante el ciclo escolar y que puede ser consultado en la p\u00e1gina de la CONALITEG.<\/p>\n","protected":false},"excerpt":{"rendered":"<p>Atiende titular de SEDUC inquietudes de la Uni\u00f3n Nacional de Padres de Familia&#8230;<\/p>\n","protected":false},"author":1018,"featured_media":0,"comment_status":"open","ping_status":"open","sticky":false,"template":"","format":"standard","meta":{"tdm_status":"","tdm_grid_status":"","footnotes":""},"categories":[27],"tags":[],"_links":{"self":[{"href":"https:\/\/dralvarez.com.mx\/larevista\/wp-json\/wp\/v2\/posts\/68501"}],"collection":[{"href":"https:\/\/dralvarez.com.mx\/larevista\/wp-json\/wp\/v2\/posts"}],"about":[{"href":"https:\/\/dralvarez.com.mx\/larevista\/wp-json\/wp\/v2\/types\/post"}],"author":[{"embeddable":true,"href":"https:\/\/dralvarez.com.mx\/larevista\/wp-json\/wp\/v2\/users\/1018"}],"replies":[{"embeddable":true,"href":"https:\/\/dralvarez.com.mx\/larevista\/wp-json\/wp\/v2\/comments?post=68501"}],"version-history":[{"count":0,"href":"https:\/\/dralvarez.com.mx\/larevista\/wp-json\/wp\/v2\/posts\/68501\/revisions"}],"wp:attachment":[{"href":"https:\/\/dralvarez.com.mx\/larevista\/wp-json\/wp\/v2\/media?parent=68501"}],"wp:term":[{"taxonomy":"category","embeddable":true,"href":"https:\/\/dralvarez.com.mx\/larevista\/wp-json\/wp\/v2\/categories?post=68501"},{"taxonomy":"post_tag","embeddable":true,"href":"https:\/\/dralvarez.com.mx\/larevista\/wp-json\/wp\/v2\/tags?post=68501"}],"curies":[{"name":"wp","href":"https:\/\/api.w.org\/{rel}","templated":true}]}}