{"id":68481,"date":"2018-08-16T00:00:00","date_gmt":"2018-08-16T06:00:00","guid":{"rendered":"https:\/\/dralvarez.com.mx\/larevista\/blog\/imparten-curso-a-servidores-publicos-para-funcionamiento-del-centro-de-desarrollo-familiar-comunitario-siglo-xxi-segunda-etapa-28522"},"modified":"2018-08-16T00:00:00","modified_gmt":"2018-08-16T06:00:00","slug":"imparten-curso-a-servidores-publicos-para-funcionamiento-del-centro-de-desarrollo-familiar-comunitario-siglo-xxi-segunda-etapa-28522","status":"publish","type":"post","link":"https:\/\/dralvarez.com.mx\/larevista\/compeche\/imparten-curso-a-servidores-publicos-para-funcionamiento-del-centro-de-desarrollo-familiar-comunitario-siglo-xxi-segunda-etapa-28522","title":{"rendered":"Imparten curso a servidores p\u00fablicos para funcionamiento del Centro de Desarrollo Familiar Comunitario Siglo XXI Segunda Etapa"},"content":{"rendered":"<p>El Sistema Estatal para el Desarrollo Integral de la Familia (DIF), a trav\u00e9s de la Direcci\u00f3n de Desarrollo Familiar y Voluntariado, llev\u00f3 a cabo el curso \u201cAcompa\u00f1amiento a Servidores P\u00fablicos para el Funcionamiento del Centro de Desarrollo Familiar Comunitario (CDFC) Siglo XXI segunda etapa\u201d, que mediante din\u00e1micas propici\u00f3 una retroalimentaci\u00f3n y an\u00e1lisis de casos.<\/p>\n<p>En representaci\u00f3n de la Presidenta del Patronato del DIF Estatal, Christelle Casta\u00f1\u00f3n de Moreno, la Directora General del DIF, Silvia Elena Parrao Arceo, agradeci\u00f3 al presidente de la asociaci\u00f3n Victoria por Victoria A.C., Carlos Boneta Cavazos, por su colaboraci\u00f3n en este proyecto social que buscar contar con personal capacitado en la operatividad para lograr soluciones pac\u00edficas que garanticen la satisfacci\u00f3n de la poblaci\u00f3n atendida, adem\u00e1s de medir el impacto social generado con dicho espacio.<\/p>\n<p>Los servidores p\u00fablicos aprendieron estrategias para ejercitar habilidades que les ayuden a resolver conflictos desde la base de la responsabilidad, solidaridad, el respeto, aceptaci\u00f3n de la diversidad e identificaci\u00f3n de derecho a vivir en una sociedad segura.<\/p>\n<p>En el curso, celebrado en la sala de usos m\u00faltiples del CDFC Siglo XXI, tambi\u00e9n estuvieron presentes la Directora de Desarrollo Familiar y Voluntariado, Sonia Castilla Trevi\u00f1o, y la titular del Grupo de Participaci\u00f3n Ciudadana (GPC) de la Secretar\u00eda de Educaci\u00f3n (SEDUC), Blanca Uribe de Medina.<\/p>\n","protected":false},"excerpt":{"rendered":"<p>Mediante din\u00e1micas propici\u00f3 una retroalimentaci\u00f3n y an\u00e1lisis de casos&#8230;<\/p>\n","protected":false},"author":1018,"featured_media":0,"comment_status":"open","ping_status":"open","sticky":false,"template":"","format":"standard","meta":{"tdm_status":"","tdm_grid_status":"","footnotes":""},"categories":[27],"tags":[],"_links":{"self":[{"href":"https:\/\/dralvarez.com.mx\/larevista\/wp-json\/wp\/v2\/posts\/68481"}],"collection":[{"href":"https:\/\/dralvarez.com.mx\/larevista\/wp-json\/wp\/v2\/posts"}],"about":[{"href":"https:\/\/dralvarez.com.mx\/larevista\/wp-json\/wp\/v2\/types\/post"}],"author":[{"embeddable":true,"href":"https:\/\/dralvarez.com.mx\/larevista\/wp-json\/wp\/v2\/users\/1018"}],"replies":[{"embeddable":true,"href":"https:\/\/dralvarez.com.mx\/larevista\/wp-json\/wp\/v2\/comments?post=68481"}],"version-history":[{"count":0,"href":"https:\/\/dralvarez.com.mx\/larevista\/wp-json\/wp\/v2\/posts\/68481\/revisions"}],"wp:attachment":[{"href":"https:\/\/dralvarez.com.mx\/larevista\/wp-json\/wp\/v2\/media?parent=68481"}],"wp:term":[{"taxonomy":"category","embeddable":true,"href":"https:\/\/dralvarez.com.mx\/larevista\/wp-json\/wp\/v2\/categories?post=68481"},{"taxonomy":"post_tag","embeddable":true,"href":"https:\/\/dralvarez.com.mx\/larevista\/wp-json\/wp\/v2\/tags?post=68481"}],"curies":[{"name":"wp","href":"https:\/\/api.w.org\/{rel}","templated":true}]}}