{"id":68476,"date":"2018-08-16T00:00:00","date_gmt":"2018-08-16T06:00:00","guid":{"rendered":"https:\/\/dralvarez.com.mx\/larevista\/blog\/supervisa-titular-de-seduc-proceso-de-distribucion-de-libros-de-texto-gratuito-y-de-utiles-escolares-conafe-28517"},"modified":"2018-08-16T00:00:00","modified_gmt":"2018-08-16T06:00:00","slug":"supervisa-titular-de-seduc-proceso-de-distribucion-de-libros-de-texto-gratuito-y-de-utiles-escolares-conafe-28517","status":"publish","type":"post","link":"https:\/\/dralvarez.com.mx\/larevista\/compeche\/supervisa-titular-de-seduc-proceso-de-distribucion-de-libros-de-texto-gratuito-y-de-utiles-escolares-conafe-28517","title":{"rendered":"Supervisa titular de SEDUC proceso de distribuci\u00f3n de libros de texto gratuito y de \u00fatiles escolares CONAFE"},"content":{"rendered":"<p>El titular de la Secretar\u00eda de Educaci\u00f3n (SEDUC), Ricardo Medina Farf\u00e1n, supervis\u00f3 el proceso de distribuci\u00f3n y entrega de los libros de texto gratuito que ser\u00e1n utilizados en el ciclo escolar 2018-2019, as\u00ed como de los m\u00e1s de 56 mil paquetes de \u00fatiles escolares, los cuales ser\u00e1n proporcionados a alumnos de escuelas rurales en colaboraci\u00f3n con el Consejo Nacional de Fomento Educativo (CONAFE).<\/p>\n<p>En primera instancia, Medina Farf\u00e1n acudi\u00f3 a la Escuela Primaria \u201cDr. Jaime Torres Bodet\u201d, de la capital del Estado, ah\u00ed de manera simb\u00f3lica hizo entrega de los libros de texto gratuito para los alumnos de este centro escolar al director del plantel, y el cual recibir\u00e1n al inicio del ciclo escolar 2018- 2019 el pr\u00f3ximo 20 de agosto.<\/p>\n<p>Durante esta visita, el funcionario estatal dialog\u00f3 con el responsable del Almac\u00e9n de los Materiales Educativos de la SEDUC, Jos\u00e9 \u00c1ngel Chab Moo, quien explic\u00f3 la log\u00edstica para la distribuci\u00f3n del material emitido por la Comisi\u00f3n Nacional de Libros de Texto Gratuito (CONALITEG); y precis\u00f3 que este ciclo escolar ascender\u00e1 a m\u00e1s de un mill\u00f3n 400 mil libros para atender a escuelas Primarias, Secundarias y nivel de Preescolar.<\/p>\n<p>Chab Moo signific\u00f3 que el proceso de distribuci\u00f3n representa un gran esfuerzo por parte de la dependencia; no solo material o econ\u00f3mico, sino de capital humano para lograr que todos los alumnos cuenten con las herramientas acad\u00e9micas para su formaci\u00f3n; mismo que, dijo, se desarrolla con esmero y dedicaci\u00f3n para que ning\u00fan ni\u00f1o se quede sin sus textos educativos.<\/p>\n<p>Asimismo, indic\u00f3 que en caso de presentarse alg\u00fan detalle por carencia de libros por el ingreso de ni\u00f1os o ni\u00f1as en los colegios, que no hab\u00edan sido preinscritos, los supervisores ser\u00e1n los encargados de informar a la autoridad competente para hacer entrega del material, pues, a\u00f1adi\u00f3, se cuenta con textos disponibles para que ning\u00fan estudiante se quede sin lo necesario para seguir prepar\u00e1ndose.<\/p>\n<p>Posteriormente, el titular de la SEDUC se traslad\u00f3 a la bodega de materiales del Programa de Educaci\u00f3n Inicial y B\u00e1sica (PEIB), donde constat\u00f3 el proceso para la distribuci\u00f3n de paquetes de \u00fatiles escolares, mismos que ser\u00e1n entregados a 56 mil 977 alumnos en conjunto con el CONAFE.<\/p>\n<p>En tanto, el delegado de la dependencia federal en Campeche, Rom\u00e1n Iv\u00e1n Acosta Estrella, y la coordinadora del PEIB, Ang\u00e9lica Guerrero Sas\u00eda, indicaron que los paquetes de \u00fatiles ser\u00e1n para ni\u00f1as, ni\u00f1os y j\u00f3venes de Primarias rurales, as\u00ed como de Telesecundarias de los once municipios del Estado.<\/p>\n<p>Acosta Estrella precis\u00f3 que en total ser\u00e1n beneficiados 46 mil 905 alumnos de 464 escuelas Primarias de la zona rural y 10 mil 72 estudiantes de 143 Telesecundarias.<\/p>\n<p>Cabe mencionar para su distribuci\u00f3n se habilitaron diversas sedes en los municipios para facilitar la dispersi\u00f3n de los materiales y as\u00ed, los directores no tengan la necesidad de trasladarse a la capital a buscar los paquetes que ser\u00e1n proporcionados a los educandos.<\/p>\n<p>En el caso de los \u00fatiles escolares para nivel Primaria se aclar\u00f3 que estos se dividen en paquete \u201cA\u201d, que es para alumnos de 1\u00b0 a 3er. Grado y consiste en: caja de colores, dos cuadernos de raya, dos cuadernos de cuadros, goma de borrar, lapicera, l\u00e1piz adhesivo, l\u00e1pices, regla de 30 cm., sacapuntas y separadores; en el caso del paquete \u201cB\u201d, que es para alumnos de 4to. a 6to. a\u00f1o, contiene: dos bol\u00edgrafos de tinta negra, caja de colores, dos cuadernos de rayas y dos de cuadros, goma de borrar, juego de geometr\u00eda, lapicera, l\u00e1piz adhesivo, l\u00e1pices, sacapuntas y separadores.<\/p>\n<p>En esta jornada, Medina Farf\u00e1n remarc\u00f3 la importancia de ambos elementos para fortalecer el proceso educativo, ya que, recalc\u00f3, son materiales indispensables para el desarrollo de las ni\u00f1as, ni\u00f1os y j\u00f3venes y que forman parte vital para su formaci\u00f3n en las aulas, por lo que inst\u00f3 a los responsables a cumplir con la entrega en tiempo y forma para dar inici\u00f3 al ciclo escolar 2018-2019, sin contratiempos.<\/p>\n","protected":false},"excerpt":{"rendered":"<p>Ricardo Medina Farf\u00e1n, supervis\u00f3 el proceso de distribuci\u00f3n y entrega de los libros de texto gratuito que ser\u00e1n utilizados en el ciclo escolar 2018-20<\/p>\n","protected":false},"author":1018,"featured_media":0,"comment_status":"open","ping_status":"open","sticky":false,"template":"","format":"standard","meta":{"tdm_status":"","tdm_grid_status":"","footnotes":""},"categories":[27],"tags":[],"_links":{"self":[{"href":"https:\/\/dralvarez.com.mx\/larevista\/wp-json\/wp\/v2\/posts\/68476"}],"collection":[{"href":"https:\/\/dralvarez.com.mx\/larevista\/wp-json\/wp\/v2\/posts"}],"about":[{"href":"https:\/\/dralvarez.com.mx\/larevista\/wp-json\/wp\/v2\/types\/post"}],"author":[{"embeddable":true,"href":"https:\/\/dralvarez.com.mx\/larevista\/wp-json\/wp\/v2\/users\/1018"}],"replies":[{"embeddable":true,"href":"https:\/\/dralvarez.com.mx\/larevista\/wp-json\/wp\/v2\/comments?post=68476"}],"version-history":[{"count":0,"href":"https:\/\/dralvarez.com.mx\/larevista\/wp-json\/wp\/v2\/posts\/68476\/revisions"}],"wp:attachment":[{"href":"https:\/\/dralvarez.com.mx\/larevista\/wp-json\/wp\/v2\/media?parent=68476"}],"wp:term":[{"taxonomy":"category","embeddable":true,"href":"https:\/\/dralvarez.com.mx\/larevista\/wp-json\/wp\/v2\/categories?post=68476"},{"taxonomy":"post_tag","embeddable":true,"href":"https:\/\/dralvarez.com.mx\/larevista\/wp-json\/wp\/v2\/tags?post=68476"}],"curies":[{"name":"wp","href":"https:\/\/api.w.org\/{rel}","templated":true}]}}