{"id":68473,"date":"2018-08-16T00:00:00","date_gmt":"2018-08-16T06:00:00","guid":{"rendered":"https:\/\/dralvarez.com.mx\/larevista\/blog\/celebra-el-icatcam-xxv-aniversario-28514"},"modified":"2018-08-16T00:00:00","modified_gmt":"2018-08-16T06:00:00","slug":"celebra-el-icatcam-xxv-aniversario-28514","status":"publish","type":"post","link":"https:\/\/dralvarez.com.mx\/larevista\/compeche\/celebra-el-icatcam-xxv-aniversario-28514","title":{"rendered":"Celebra el ICATCAM XXV Aniversario"},"content":{"rendered":"<p>El Instituto de Capacitaci\u00f3n para el Trabajo en el Estado de Campeche (ICATCAM) celebra 25 a\u00f1os de impartir e impulsar capacitaci\u00f3n formal para el trabajo en el estado y mantener lazos de vinculaci\u00f3n con el sector productivo y empresarial, acordes a las necesidades laborales de desarrollo regional y nacional, as\u00ed lo manifest\u00f3 el director general de la instituci\u00f3n, Carlos Ortiz Pi\u00f1era, tras se\u00f1alar que los festejos se estar\u00e1n llevando a cabo con \u201cCaravanas de servicios\u201d en las comunidades donde se cuenta con centros educativos.<\/p>\n<p>Al iniciar los festejos en el municipio de Palizada, Ortiz Pi\u00f1era recalc\u00f3 que el ICATCAM es un organismo s\u00f3lido respaldado por 25 a\u00f1os de experiencia de estar al servicio de la sociedad campechana, que busca alternativas de superaci\u00f3n laboral a trav\u00e9s de la capacitaci\u00f3n en \u00e1reas espec\u00edficas.<\/p>\n<p>Inform\u00f3 que para celebrar se organizar\u00e1n \u201cCaravanas de servicios\u201d en las plazas p\u00fablicas de las cabeceras municipales, donde se expondr\u00e1n los trabajos que realizan los alumnos en cada uno de los talleres, como el de manualidades, corte y confecci\u00f3n, artesan\u00edas, reposter\u00eda; se brindar\u00e1n corte de cabello, manicure, tinte de cabellos, muestra gastron\u00f3mica, festival art\u00edstico, as\u00ed como tambi\u00e9n se vender\u00e1n los productos elaborados.<\/p>\n<p>De igual forma invit\u00f3 a la sociedad campechana para que sumen a los festejos, conozcan los cursos y talleres que se imparten en los ICAT ubicados en toda la geograf\u00eda estatal y participen en el programa de actividades, que dio inicio este 13 de agosto en el municipio de Palizada y Candelaria; el 14 estar\u00e1 en Esc\u00e1rcega y Carmen; el 15 en Xpujil, 16 en Calkin\u00ed y Tenabo; 17 en Champot\u00f3n; 20 en Hecelchak\u00e1n y el 21 en Seybaplaya.<\/p>\n<p>El Director General del ICATCAM manifest\u00f3 que los festejos se llevar\u00e1n a cabo en cada una de las comunidades donde el instituto cuenta con un centro educativo, para refrendar y compartir con la sociedad el compromiso de continuar brindando capacitaci\u00f3n para el trabajo.<\/p>\n","protected":false},"excerpt":{"rendered":"<p>Celebra 25 a\u00f1os de impartir e impulsar capacitaci\u00f3n formal para el trabajo en el estado&#8230;<\/p>\n","protected":false},"author":1018,"featured_media":0,"comment_status":"open","ping_status":"open","sticky":false,"template":"","format":"standard","meta":{"tdm_status":"","tdm_grid_status":"","footnotes":""},"categories":[27],"tags":[],"_links":{"self":[{"href":"https:\/\/dralvarez.com.mx\/larevista\/wp-json\/wp\/v2\/posts\/68473"}],"collection":[{"href":"https:\/\/dralvarez.com.mx\/larevista\/wp-json\/wp\/v2\/posts"}],"about":[{"href":"https:\/\/dralvarez.com.mx\/larevista\/wp-json\/wp\/v2\/types\/post"}],"author":[{"embeddable":true,"href":"https:\/\/dralvarez.com.mx\/larevista\/wp-json\/wp\/v2\/users\/1018"}],"replies":[{"embeddable":true,"href":"https:\/\/dralvarez.com.mx\/larevista\/wp-json\/wp\/v2\/comments?post=68473"}],"version-history":[{"count":0,"href":"https:\/\/dralvarez.com.mx\/larevista\/wp-json\/wp\/v2\/posts\/68473\/revisions"}],"wp:attachment":[{"href":"https:\/\/dralvarez.com.mx\/larevista\/wp-json\/wp\/v2\/media?parent=68473"}],"wp:term":[{"taxonomy":"category","embeddable":true,"href":"https:\/\/dralvarez.com.mx\/larevista\/wp-json\/wp\/v2\/categories?post=68473"},{"taxonomy":"post_tag","embeddable":true,"href":"https:\/\/dralvarez.com.mx\/larevista\/wp-json\/wp\/v2\/tags?post=68473"}],"curies":[{"name":"wp","href":"https:\/\/api.w.org\/{rel}","templated":true}]}}