{"id":68472,"date":"2018-08-16T00:00:00","date_gmt":"2018-08-16T06:00:00","guid":{"rendered":"https:\/\/dralvarez.com.mx\/larevista\/blog\/el-dif-estatal-invita-a-la-conferencia-comprendiendo-la-discapacidad-intelectual-28513"},"modified":"2018-08-16T00:00:00","modified_gmt":"2018-08-16T06:00:00","slug":"el-dif-estatal-invita-a-la-conferencia-comprendiendo-la-discapacidad-intelectual-28513","status":"publish","type":"post","link":"https:\/\/dralvarez.com.mx\/larevista\/compeche\/el-dif-estatal-invita-a-la-conferencia-comprendiendo-la-discapacidad-intelectual-28513","title":{"rendered":"El DIF Estatal invita a la conferencia \u201cComprendiendo la Discapacidad Intelectual\u201d"},"content":{"rendered":"<p>El Sistema Estatal para el Desarrollo Integral de la Familia (DIF), a trav\u00e9s de la Direcci\u00f3n de Atenci\u00f3n Social y Discapacidad, invita al p\u00fablico en general para que asista a la conferencia \u201cComprendiendo la Discapacidad Intelectual\u201d, que se impartir\u00e1 de manera gratuita el pr\u00f3ximo 30 de agosto a las 18:00 horas, en el sal\u00f3n \u201cLilia Reyes de L\u00f3pez Hern\u00e1ndez\u201d de la Mansi\u00f3n Carvajal. Esta conferencia forma parte del ciclo \u201cDIF\u00fandelo\u201d y entre los temas que tratar\u00e1 el ponente, Carlos Sansores, se encuentran la prevenci\u00f3n, orientaci\u00f3n e inclusi\u00f3n de las Personas con Discapacidad. Para mayores informes, los interesados pueden acudir a la Direcci\u00f3n de Atenci\u00f3n Social y Discapacidad, ubicada en la calle 8, entre 61 y 63, edificio 303, Centro Hist\u00f3rico, o llamar al n\u00famero de tel\u00e9fono (981) 81 1 53 97 extensi\u00f3n 102 y 106 de 8:00 a 15:00 horas de lunes a viernes.<\/p>\n","protected":false},"excerpt":{"rendered":"<p>Se impartir\u00e1 de manera gratuita el pr\u00f3ximo 30 de agosto a las 18:00 horas, en el sal\u00f3n \u201cLilia Reyes de L\u00f3pez Hern\u00e1ndez\u201d de la Mansi\u00f3n Carvajal&#8230;<\/p>\n","protected":false},"author":1018,"featured_media":0,"comment_status":"open","ping_status":"open","sticky":false,"template":"","format":"standard","meta":{"tdm_status":"","tdm_grid_status":"","footnotes":""},"categories":[27],"tags":[],"_links":{"self":[{"href":"https:\/\/dralvarez.com.mx\/larevista\/wp-json\/wp\/v2\/posts\/68472"}],"collection":[{"href":"https:\/\/dralvarez.com.mx\/larevista\/wp-json\/wp\/v2\/posts"}],"about":[{"href":"https:\/\/dralvarez.com.mx\/larevista\/wp-json\/wp\/v2\/types\/post"}],"author":[{"embeddable":true,"href":"https:\/\/dralvarez.com.mx\/larevista\/wp-json\/wp\/v2\/users\/1018"}],"replies":[{"embeddable":true,"href":"https:\/\/dralvarez.com.mx\/larevista\/wp-json\/wp\/v2\/comments?post=68472"}],"version-history":[{"count":0,"href":"https:\/\/dralvarez.com.mx\/larevista\/wp-json\/wp\/v2\/posts\/68472\/revisions"}],"wp:attachment":[{"href":"https:\/\/dralvarez.com.mx\/larevista\/wp-json\/wp\/v2\/media?parent=68472"}],"wp:term":[{"taxonomy":"category","embeddable":true,"href":"https:\/\/dralvarez.com.mx\/larevista\/wp-json\/wp\/v2\/categories?post=68472"},{"taxonomy":"post_tag","embeddable":true,"href":"https:\/\/dralvarez.com.mx\/larevista\/wp-json\/wp\/v2\/tags?post=68472"}],"curies":[{"name":"wp","href":"https:\/\/api.w.org\/{rel}","templated":true}]}}