{"id":68420,"date":"2018-08-13T00:00:00","date_gmt":"2018-08-13T06:00:00","guid":{"rendered":"https:\/\/dralvarez.com.mx\/larevista\/blog\/colegio-de-bachilleres-del-estado-de-campeche-28459"},"modified":"2018-08-13T00:00:00","modified_gmt":"2018-08-13T06:00:00","slug":"colegio-de-bachilleres-del-estado-de-campeche-28459","status":"publish","type":"post","link":"https:\/\/dralvarez.com.mx\/larevista\/compeche\/colegio-de-bachilleres-del-estado-de-campeche-28459","title":{"rendered":"Colegio de bachilleres del estado de Campeche"},"content":{"rendered":"<\/p>\n<p>El<br \/>\nPlantel 01 Hecelchak\u00e1n del Colegio de Bachilleres del Estado de Campeche (COBACAM)<br \/>\nrecibi\u00f3 el reconocimiento del Consejo para la Evaluaci\u00f3n de la Educaci\u00f3n del<br \/>\nTipo Medio Superior, A.C., (COPEEMS), al obtener la promoci\u00f3n al Nivel 1 en el Padr\u00f3n<br \/>\nde Calidad del Sistema Nacional de Educaci\u00f3n Media Superior, siendo el primer<br \/>\nSubsistema de Educaci\u00f3n Media Superior en el Estado que obtiene esta certificaci\u00f3n.<br \/>\nCabe resaltar que este es un gran logro para el Colegio, reflejo del fortalecimiento<br \/>\nen materia educativa que promueve el Gobernador Alejandro Moreno C\u00e1rdenas, y<br \/>\ngracias al trabajo decidido y comprometido del personal del Plantel.<\/p>\n<p><\/p>\n","protected":false},"excerpt":{"rendered":"<p>Cabe resaltar que este es un gran logro para el Colegio, reflejo del fortalecimiento en materia educativa que promueve el Gobernador Alejandro Moreno<\/p>\n","protected":false},"author":1018,"featured_media":0,"comment_status":"open","ping_status":"open","sticky":false,"template":"","format":"standard","meta":{"tdm_status":"","tdm_grid_status":"","footnotes":""},"categories":[27],"tags":[],"_links":{"self":[{"href":"https:\/\/dralvarez.com.mx\/larevista\/wp-json\/wp\/v2\/posts\/68420"}],"collection":[{"href":"https:\/\/dralvarez.com.mx\/larevista\/wp-json\/wp\/v2\/posts"}],"about":[{"href":"https:\/\/dralvarez.com.mx\/larevista\/wp-json\/wp\/v2\/types\/post"}],"author":[{"embeddable":true,"href":"https:\/\/dralvarez.com.mx\/larevista\/wp-json\/wp\/v2\/users\/1018"}],"replies":[{"embeddable":true,"href":"https:\/\/dralvarez.com.mx\/larevista\/wp-json\/wp\/v2\/comments?post=68420"}],"version-history":[{"count":0,"href":"https:\/\/dralvarez.com.mx\/larevista\/wp-json\/wp\/v2\/posts\/68420\/revisions"}],"wp:attachment":[{"href":"https:\/\/dralvarez.com.mx\/larevista\/wp-json\/wp\/v2\/media?parent=68420"}],"wp:term":[{"taxonomy":"category","embeddable":true,"href":"https:\/\/dralvarez.com.mx\/larevista\/wp-json\/wp\/v2\/categories?post=68420"},{"taxonomy":"post_tag","embeddable":true,"href":"https:\/\/dralvarez.com.mx\/larevista\/wp-json\/wp\/v2\/tags?post=68420"}],"curies":[{"name":"wp","href":"https:\/\/api.w.org\/{rel}","templated":true}]}}