{"id":68395,"date":"2018-08-10T00:00:00","date_gmt":"2018-08-10T06:00:00","guid":{"rendered":"https:\/\/dralvarez.com.mx\/larevista\/blog\/secont-firma-convenio-con-canacintra-y-cmic-28416"},"modified":"2018-08-10T00:00:00","modified_gmt":"2018-08-10T06:00:00","slug":"secont-firma-convenio-con-canacintra-y-cmic-28416","status":"publish","type":"post","link":"https:\/\/dralvarez.com.mx\/larevista\/compeche\/secont-firma-convenio-con-canacintra-y-cmic-28416","title":{"rendered":"SECONT firma convenio con CANACINTRA y CMIC"},"content":{"rendered":"<\/p>\n<p>Con el objetivo de desarrollar acciones para transparentar las actividades de los servidores p\u00fablicos en el ejercicio del gasto p\u00fablico y contribuir para que el proceso de revisi\u00f3n y rendici\u00f3n de cuentas tenga un mayor alcance y mejores resultados; la Secretar\u00eda de la Contralor\u00eda del Estado de Campeche (SECONT) firm\u00f3 un convenio de colaboraci\u00f3n con la C\u00e1mara Nacional de la Industria de Transformaci\u00f3n (CANACINTRA) y con la C\u00e1mara Mexicana de la Industria y la Construcci\u00f3n (CMIC).<\/p>\n<p>El titular de la SECONT, Jos\u00e9 Rom\u00e1n Ruiz Carrillo, mencion\u00f3 que esta firma de convenio forma parte de una pol\u00edtica de la integridad, la cual busca que las empresas cuenten con c\u00f3digos de conducta, sistemas de control, vigilancia y auditor\u00eda para examinar los est\u00e1ndares de integridad de las mismas, as\u00ed como sistemas de denuncias al interior y al exterior de la organizaci\u00f3n.<\/p>\n<p>Es por esto que la firma entre la SECONT y ambas C\u00e1maras busca mantener las puertas abiertas de la administraci\u00f3n p\u00fablica estatal y consolidar estructuras con la iniciativa privada, obteniendo un diagn\u00f3stico de oportunidades de colaboraci\u00f3n en materia de \u00e9tica, transparencia, control de gobierno, gesti\u00f3n y evaluaci\u00f3n, contrataciones p\u00fablicas, integridad, prevenci\u00f3n y denuncia de la corrupci\u00f3n, promoviendo la prevenci\u00f3n del conflicto de intereses en las interacciones de los sectores privados y sociales con la administraci\u00f3n p\u00fablica estatal.<\/p>\n<p>Finalmente, refiri\u00f3 que el reto es implementar esta medida en todas las empresas del pa\u00eds, de todos los tama\u00f1os, actividad econ\u00f3mica o relaci\u00f3n con el gobierno, ya que ellas son la clave para combatir la corrupci\u00f3n y generar una cultura de legalidad; entre menos riesgos mayor seguridad jur\u00eddica y crecimiento econ\u00f3mico.<\/p>\n<p>Los convenios fueron signados por el titular de la SECONT con los presidentes de la CANACINTRA y la CMIC, \u00c1lvaro David Guti\u00e9rrez Castro y V\u00edctor Antonio del Rio R. de la Gala, respectivamente.<\/p><\/p>\n","protected":false},"excerpt":{"rendered":"<p>El titular de la SECONT, Jos\u00e9 Rom\u00e1n Ruiz Carrillo, mencion\u00f3 que esta firma de convenio forma parte de una pol\u00edtica de la integridad&#8230;<\/p>\n","protected":false},"author":1018,"featured_media":0,"comment_status":"open","ping_status":"open","sticky":false,"template":"","format":"standard","meta":{"tdm_status":"","tdm_grid_status":"","footnotes":""},"categories":[27],"tags":[],"_links":{"self":[{"href":"https:\/\/dralvarez.com.mx\/larevista\/wp-json\/wp\/v2\/posts\/68395"}],"collection":[{"href":"https:\/\/dralvarez.com.mx\/larevista\/wp-json\/wp\/v2\/posts"}],"about":[{"href":"https:\/\/dralvarez.com.mx\/larevista\/wp-json\/wp\/v2\/types\/post"}],"author":[{"embeddable":true,"href":"https:\/\/dralvarez.com.mx\/larevista\/wp-json\/wp\/v2\/users\/1018"}],"replies":[{"embeddable":true,"href":"https:\/\/dralvarez.com.mx\/larevista\/wp-json\/wp\/v2\/comments?post=68395"}],"version-history":[{"count":0,"href":"https:\/\/dralvarez.com.mx\/larevista\/wp-json\/wp\/v2\/posts\/68395\/revisions"}],"wp:attachment":[{"href":"https:\/\/dralvarez.com.mx\/larevista\/wp-json\/wp\/v2\/media?parent=68395"}],"wp:term":[{"taxonomy":"category","embeddable":true,"href":"https:\/\/dralvarez.com.mx\/larevista\/wp-json\/wp\/v2\/categories?post=68395"},{"taxonomy":"post_tag","embeddable":true,"href":"https:\/\/dralvarez.com.mx\/larevista\/wp-json\/wp\/v2\/tags?post=68395"}],"curies":[{"name":"wp","href":"https:\/\/api.w.org\/{rel}","templated":true}]}}