{"id":68289,"date":"2018-08-07T00:00:00","date_gmt":"2018-08-07T06:00:00","guid":{"rendered":"https:\/\/dralvarez.com.mx\/larevista\/blog\/impulsar-los-medios-publicos-estatales-es-prioridad-de-esta-administracion-28298"},"modified":"2018-08-07T00:00:00","modified_gmt":"2018-08-07T06:00:00","slug":"impulsar-los-medios-publicos-estatales-es-prioridad-de-esta-administracion-28298","status":"publish","type":"post","link":"https:\/\/dralvarez.com.mx\/larevista\/compeche\/impulsar-los-medios-publicos-estatales-es-prioridad-de-esta-administracion-28298","title":{"rendered":"Impulsar los medios p\u00fablicos estatales es prioridad de esta administraci\u00f3n"},"content":{"rendered":"<\/p>\n<p>En el marco del octavo<br \/>\naniversario de la estaci\u00f3n de radio Voces Campeche, el jefe de la Unidad de<br \/>\nComunicaci\u00f3n Social del Gobierno del Estado, Walter Olivera Valladares, asisti\u00f3<br \/>\ncomo invitado especial programa \u201cLa J\u00edcara\u201d, donde habl\u00f3 del inter\u00e9s de la<br \/>\nactual administraci\u00f3n por impulsar los medios p\u00fablicos estatales y la<br \/>\ncoordinaci\u00f3n y vinculaci\u00f3n con la Unidad de Comunicaci\u00f3n Social para la<br \/>\ncobertura informativa.<\/p>\n<p>Acompa\u00f1ado del director del Sistema de Radio y<br \/>\nTelevisi\u00f3n de Campeche(TRC), Omar Vargas Guzm\u00e1n, destac\u00f3 que existe un inter\u00e9s<br \/>\npuntual, frontal y decidido para impulsar el sistema p\u00fablico de informaci\u00f3n,<br \/>\ncomo es el caso de TRC y Radio Voces de Campeche, que todos los d\u00edas trasmiten<br \/>\ninformaci\u00f3n deportiva, cultural y educativa que ayudan a crear conciencia en<br \/>\ntoda la sociedad campechana.<\/p>\n<p>Puntualiz\u00f3 que existen muchos retos y desaf\u00edos que<br \/>\nen las pr\u00f3ximas semanas habr\u00e1n de concretarse a favor de los medios p\u00fablicos<br \/>\nestatales, incluido radio Voces de Campeche, para seguir informado a la<br \/>\nsociedad campechana, siempre rescatando las tradiciones, la idiosincrasia y la<br \/>\nlengua maya, que se a\u00fan se habla en la mayor\u00eda de los municipios y que es parte<br \/>\nde la naturaleza de los campechanos.<\/p>\n<p>Resalt\u00f3 que una de las encomiendas de la Unidad de<br \/>\nComunicaci\u00f3n Social es llevar la modernizaci\u00f3n a cada uno de los espacios que<br \/>\nconforman el Sistema de Televisi\u00f3n y Radio de Campeche, y el avance que se ha<br \/>\ntenido es importante, y en los pr\u00f3ximos meses se pondr\u00e1 en marcha la quinta de<br \/>\nseis etapas de modernizaci\u00f3n que se tiene previsto llevar acabo.<\/p>\n<p>\u201cEstaremos cumpliendo los objetivos que nos hemos<br \/>\ntrazado en los pr\u00f3ximos meses para hacer realidad muchas cosas que han estado<br \/>\nen espera y que ser\u00e1n atendidas como compromiso frontal y directo por apoyar al<br \/>\nSistema de Televisi\u00f3n y Radio, siempre con el mejor aliado, el gobernador<br \/>\nAlejandro Moreno C\u00e1rdenas\u201d, manifest\u00f3.<\/p>\n<p>Olivera Valladares especific\u00f3 que tambi\u00e9n uno de los<br \/>\ncompromisos en la UCS es mantener informada a la sociedad campechana de todo lo<br \/>\nque se realiza en esta administraci\u00f3n y por lo que es necesario aprovechar<br \/>\ntodas las herramientas tecnol\u00f3gicas para que la informaci\u00f3n llegue a todas<br \/>\npartes.<\/p>\n<p>En este sentido, indic\u00f3 que las transmisiones en<br \/>\nvivo adem\u00e1s de informar al momento, permiten demostrar que la informaci\u00f3n no se<br \/>\nmanipula.<\/p>\n<p>Por su parte, el director de TRC dijo que siempre ha<br \/>\nsido prioridad para la actual administraci\u00f3n el modernizar a TRC, y en la<br \/>\nquinta etapa de modernizaci\u00f3n est\u00e1 incluido radio Voces Campeche, que hoy<br \/>\ncuenta con una nueva concesi\u00f3n para su operaci\u00f3n, adem\u00e1s de la conformaci\u00f3n del<br \/>\nConsejo Ciudadano, que garantizan de manera legal la consolidaci\u00f3n de la radio<br \/>\np\u00fablica para el servicio de los campechanos.<\/p><\/p>\n","protected":false},"excerpt":{"rendered":"<p>Olivera Valladares especific\u00f3 que tambi\u00e9n uno de los compromisos en la UCS es mantener informada a la sociedad campechana de todo lo que se realiza en<\/p>\n","protected":false},"author":1018,"featured_media":0,"comment_status":"open","ping_status":"open","sticky":false,"template":"","format":"standard","meta":{"tdm_status":"","tdm_grid_status":"","footnotes":""},"categories":[27],"tags":[],"_links":{"self":[{"href":"https:\/\/dralvarez.com.mx\/larevista\/wp-json\/wp\/v2\/posts\/68289"}],"collection":[{"href":"https:\/\/dralvarez.com.mx\/larevista\/wp-json\/wp\/v2\/posts"}],"about":[{"href":"https:\/\/dralvarez.com.mx\/larevista\/wp-json\/wp\/v2\/types\/post"}],"author":[{"embeddable":true,"href":"https:\/\/dralvarez.com.mx\/larevista\/wp-json\/wp\/v2\/users\/1018"}],"replies":[{"embeddable":true,"href":"https:\/\/dralvarez.com.mx\/larevista\/wp-json\/wp\/v2\/comments?post=68289"}],"version-history":[{"count":0,"href":"https:\/\/dralvarez.com.mx\/larevista\/wp-json\/wp\/v2\/posts\/68289\/revisions"}],"wp:attachment":[{"href":"https:\/\/dralvarez.com.mx\/larevista\/wp-json\/wp\/v2\/media?parent=68289"}],"wp:term":[{"taxonomy":"category","embeddable":true,"href":"https:\/\/dralvarez.com.mx\/larevista\/wp-json\/wp\/v2\/categories?post=68289"},{"taxonomy":"post_tag","embeddable":true,"href":"https:\/\/dralvarez.com.mx\/larevista\/wp-json\/wp\/v2\/tags?post=68289"}],"curies":[{"name":"wp","href":"https:\/\/api.w.org\/{rel}","templated":true}]}}