{"id":68281,"date":"2018-08-06T00:00:00","date_gmt":"2018-08-06T06:00:00","guid":{"rendered":"https:\/\/dralvarez.com.mx\/larevista\/blog\/cdc-realizan-curso-de-verano-28290"},"modified":"2018-08-06T00:00:00","modified_gmt":"2018-08-06T06:00:00","slug":"cdc-realizan-curso-de-verano-28290","status":"publish","type":"post","link":"https:\/\/dralvarez.com.mx\/larevista\/compeche\/cdc-realizan-curso-de-verano-28290","title":{"rendered":"CDC realizan curso de verano"},"content":{"rendered":"<\/p>\n<p>Las vacaciones se convirtieron en un divertido<br \/>\nrecreo, donde m\u00e1s de 170 ni\u00f1as y ni\u00f1os que asisten a los Centros de Desarrollo<br \/>\nComunitarios (CDC) formaron parte de los talleres de sus Cursos de Verano, siendo<br \/>\nun espacio seguro en el que aprendieron y disfrutaron de diversas actividades<br \/>\nsupervisadas por las titulares de los Grupos de Participaci\u00f3n Ciudadana (GPC).<\/p>\n<p>Paseos, pintura, decoraci\u00f3n de galletas,<br \/>\nactivaci\u00f3n f\u00edsica, excursiones a la playa, cuidado del medio ambiente, liberaci\u00f3n<br \/>\nde tortugas, peinados, maquillajes, baile, cocina, lectura de cuentos y m\u00e1s, fueron<br \/>\nalgunas de las actividades que realizaron en los Cursos de Verano.<\/p>\n<p>De esta forma, el Sistema Estatal para el<br \/>\nDesarrollo Integral  de la Familia (DIF)<br \/>\nagradece a cada una de las promotoras por su incondicional participaci\u00f3n al<br \/>\ntrabajo asistencial que encabeza la Presidenta del Patronato, Christelle<br \/>\nCasta\u00f1\u00f3n de Moreno.<\/p>\n<p>Los CDC participantes fueron Miguel Hidalgo, del<br \/>\nGPC de la Secretar\u00eda de Trabajo y Previsi\u00f3n Social del Campeche (STPSCAM), a<br \/>\ncargo de Valentina Ortiz Moscoso; Esperanza, de la Secretar\u00eda General de<br \/>\nGobierno (SEGOB), cuya titular es Victoria Damas de Aysa; Granjas, que coordina<br \/>\nla Secretar\u00eda de Desarrollo Urbano, Obras P\u00fablicas e Infraestructura (SDUOPI),<br \/>\nque coordina Esperanza Abreu de Buenfil; Ampliaci\u00f3n Polvor\u00edn, de la Secretar\u00eda<br \/>\nde Desarrollo Econ\u00f3mico (SEDECO), a cargo de Velvet Torres de Berzunza;<br \/>\nPlan-Chac, del GPC de la Secretar\u00eda de Seguridad P\u00fablica (SSPCAM), de Leydi<br \/>\nMar\u00eda Rodr\u00edguez de Arg\u00e1ez.<\/p>\n<p>Tambi\u00e9n el CDC Bellavista, de la Secretar\u00eda de<br \/>\nFinanzas (SEFIN), a cargo de Neyra Azar P\u00e9rez; Morelos I, de la Secretar\u00eda de<br \/>\nTurismo (SECTUR), representada por Florencia Vidal de Manos; Pablo Garc\u00eda, de<br \/>\nla Fiscal\u00eda General del Estado (FGECAM), representado por Claudia Irene Bravo<br \/>\nde Herrera; Im\u00ed I, de la Secretar\u00eda de Desarrollo Rural (SDR), con Sulma Coral<br \/>\nde Toledo; Im\u00ed II, de la Secretar\u00eda de Cultura (SECULT), con Mar\u00eda Elena P\u00e9rez<br \/>\nde Carrillo; El Huanal, de la Coordinaci\u00f3n de Asesores del Gobierno del Estado,<br \/>\na cargo de la promotora Silvia Guerrero de Escalante; Ampliaci\u00f3n Cuatro<br \/>\nCaminos, de la Secretar\u00eda de Salud, a cargo de Jamile Selem de Rodr\u00edguez.<\/p>\n<p>Asimismo, el CDC Vicente Guerrero, a cargo de<br \/>\nIsla del Carmen Aysa de Olivera, de la Unidad de Comunicaci\u00f3n Social  del Gobierno del Estado (UCS); M\u00e1rtires de<br \/>\nR\u00edo Blanco, del GPC de la Secretar\u00eda de Pesca y Acuacultura (SEPESCA),<br \/>\nrepresentada por Mar\u00eda Eugenia Cruz Hern\u00e1ndez; Josefa Ortiz de Dom\u00ednguez, de la<br \/>\nSecretar\u00eda de la Contralor\u00eda (SECONT), a cargo de Ana Alicia Guzm\u00e1n Escalante;<br \/>\nLindavista, de la Jefatura de la Oficina del Gobernador, representada por la<br \/>\nencargada Araceli Garc\u00eda Salas; el CDC San Francisco, Kob\u00e9n, de la<br \/>\nAdministraci\u00f3n Portuaria integral de Campeche (APICAM), que tiene a su cargo<br \/>\nLuisa L\u00f3pez de Llergo de Manzanilla.<\/p>\n<p>De la misma forma, el CDC San Antonio, de la<br \/>\nComisi\u00f3n de Desarrollo, Suelo y Vivienda de Campeche (CODESVI), representada<br \/>\npor Ariana L\u00f3pez Castro; Camino Real, de la Secretar\u00eda de Protecci\u00f3n Civil<br \/>\n(SEPROCI), con Nelly Ayuso Cervera; Ampliaci\u00f3n Revoluci\u00f3n, de la Secretar\u00eda de<br \/>\nDesarrollo Social y Humano (SEDESYH), con su encargada Mildred Su\u00e1rez Burgos;<br \/>\nSascalum, de la Secretar\u00eda de Planeaci\u00f3n (SEPLAN), de la promotora Lourdes<br \/>\nCervera de Arredondo.<\/p>\n<p>Mientras que la Fundaci\u00f3n Pablo Garc\u00eda (FPG),<br \/>\nrepresentada por su promotora Fabiola Prego de Esquivel, particip\u00f3 con su CDC<br \/>\nAmpliaci\u00f3n Ignacio Zaragoza; Kaniste, de la Secretar\u00eda de Administraci\u00f3n e<br \/>\nInnovaci\u00f3n Gubernamental (SAIG), representada por Paola Aquino de Ortiz;<br \/>\nIgnacio Zaragoza, de la Secretar\u00eda de Medio Ambiente y Recursos Naturales de<br \/>\nCampeche (SEMARNATCAM), con su promotora Erika Yuvisa Canch\u00e9 de Alcal\u00e1; y del<br \/>\nCDC de El Carmelo, de la Comisi\u00f3n de Agua Potable y Alcantarillado del Estado<br \/>\nde Campeche (CAPAE), a cargo de Mercedes Lugo Polanco.<\/p><\/p>\n","protected":false},"excerpt":{"rendered":"<p>Las vacaciones se convirtieron en un divertido recreo, donde m\u00e1s de 170 ni\u00f1as y ni\u00f1os que asisten a los Centros de Desarrollo Comunitarios (CDC) forma<\/p>\n","protected":false},"author":1018,"featured_media":0,"comment_status":"open","ping_status":"open","sticky":false,"template":"","format":"standard","meta":{"tdm_status":"","tdm_grid_status":"","footnotes":""},"categories":[27],"tags":[],"_links":{"self":[{"href":"https:\/\/dralvarez.com.mx\/larevista\/wp-json\/wp\/v2\/posts\/68281"}],"collection":[{"href":"https:\/\/dralvarez.com.mx\/larevista\/wp-json\/wp\/v2\/posts"}],"about":[{"href":"https:\/\/dralvarez.com.mx\/larevista\/wp-json\/wp\/v2\/types\/post"}],"author":[{"embeddable":true,"href":"https:\/\/dralvarez.com.mx\/larevista\/wp-json\/wp\/v2\/users\/1018"}],"replies":[{"embeddable":true,"href":"https:\/\/dralvarez.com.mx\/larevista\/wp-json\/wp\/v2\/comments?post=68281"}],"version-history":[{"count":0,"href":"https:\/\/dralvarez.com.mx\/larevista\/wp-json\/wp\/v2\/posts\/68281\/revisions"}],"wp:attachment":[{"href":"https:\/\/dralvarez.com.mx\/larevista\/wp-json\/wp\/v2\/media?parent=68281"}],"wp:term":[{"taxonomy":"category","embeddable":true,"href":"https:\/\/dralvarez.com.mx\/larevista\/wp-json\/wp\/v2\/categories?post=68281"},{"taxonomy":"post_tag","embeddable":true,"href":"https:\/\/dralvarez.com.mx\/larevista\/wp-json\/wp\/v2\/tags?post=68281"}],"curies":[{"name":"wp","href":"https:\/\/api.w.org\/{rel}","templated":true}]}}