{"id":68231,"date":"2018-08-06T00:00:00","date_gmt":"2018-08-06T06:00:00","guid":{"rendered":"https:\/\/dralvarez.com.mx\/larevista\/blog\/secretaria-de-planeacion-28239"},"modified":"2018-08-06T00:00:00","modified_gmt":"2018-08-06T06:00:00","slug":"secretaria-de-planeacion-28239","status":"publish","type":"post","link":"https:\/\/dralvarez.com.mx\/larevista\/compeche\/secretaria-de-planeacion-28239","title":{"rendered":"Secretar\u00eda de planeaci\u00f3n"},"content":{"rendered":"<\/p>\n<p>El<br \/>\ntitular de la Secretar\u00eda de Planeaci\u00f3n (SEPLAN), Ram\u00f3n Arredondo Anguiano,<br \/>\nentreg\u00f3 el nombramiento a Inosente Alcudia S\u00e1nchez, subsecretario de Pol\u00edticas<br \/>\nP\u00fablicas de la SEPLAN, como nuevo Presidente del Comit\u00e9 de Transparencia e<br \/>\ninvit\u00f3 al resto de los integrantes del Comit\u00e9 a realizar con eficacia las<br \/>\ngestiones de las solicitudes en materia de acceso a la informaci\u00f3n para<br \/>\nfortalecer al Gobierno Estatal en materia de transparencia.<\/p>\n<p>&nbsp;<\/p>\n<p><\/p>\n","protected":false},"excerpt":{"rendered":"<p>Ram\u00f3n Arredondo Anguiano, entreg\u00f3 el nombramiento a Inosente Alcudia S\u00e1nchez, subsecretario de Pol\u00edticas P\u00fablicas de la SEPLAN&#8230;<\/p>\n","protected":false},"author":1018,"featured_media":0,"comment_status":"open","ping_status":"open","sticky":false,"template":"","format":"standard","meta":{"tdm_status":"","tdm_grid_status":"","footnotes":""},"categories":[27],"tags":[],"_links":{"self":[{"href":"https:\/\/dralvarez.com.mx\/larevista\/wp-json\/wp\/v2\/posts\/68231"}],"collection":[{"href":"https:\/\/dralvarez.com.mx\/larevista\/wp-json\/wp\/v2\/posts"}],"about":[{"href":"https:\/\/dralvarez.com.mx\/larevista\/wp-json\/wp\/v2\/types\/post"}],"author":[{"embeddable":true,"href":"https:\/\/dralvarez.com.mx\/larevista\/wp-json\/wp\/v2\/users\/1018"}],"replies":[{"embeddable":true,"href":"https:\/\/dralvarez.com.mx\/larevista\/wp-json\/wp\/v2\/comments?post=68231"}],"version-history":[{"count":0,"href":"https:\/\/dralvarez.com.mx\/larevista\/wp-json\/wp\/v2\/posts\/68231\/revisions"}],"wp:attachment":[{"href":"https:\/\/dralvarez.com.mx\/larevista\/wp-json\/wp\/v2\/media?parent=68231"}],"wp:term":[{"taxonomy":"category","embeddable":true,"href":"https:\/\/dralvarez.com.mx\/larevista\/wp-json\/wp\/v2\/categories?post=68231"},{"taxonomy":"post_tag","embeddable":true,"href":"https:\/\/dralvarez.com.mx\/larevista\/wp-json\/wp\/v2\/tags?post=68231"}],"curies":[{"name":"wp","href":"https:\/\/api.w.org\/{rel}","templated":true}]}}