{"id":68196,"date":"2018-08-03T00:00:00","date_gmt":"2018-08-03T06:00:00","guid":{"rendered":"https:\/\/dralvarez.com.mx\/larevista\/blog\/mas-de-un-millon-de-pesos-entrega-gobernador-moreno-cardenas-para-proyectos-juveniles-28203"},"modified":"2018-08-03T00:00:00","modified_gmt":"2018-08-03T06:00:00","slug":"mas-de-un-millon-de-pesos-entrega-gobernador-moreno-cardenas-para-proyectos-juveniles-28203","status":"publish","type":"post","link":"https:\/\/dralvarez.com.mx\/larevista\/compeche\/mas-de-un-millon-de-pesos-entrega-gobernador-moreno-cardenas-para-proyectos-juveniles-28203","title":{"rendered":"M\u00e1s de un mill\u00f3n de pesos entrega gobernador   Moreno C\u00e1rdenas  para proyectos juveniles"},"content":{"rendered":"<\/p>\n<p><i><b><\/b><\/i><\/p>\n<blockquote><p><i><b>Para fortalecer el desarrollo de proyectos de emprendimiento y<br \/>\nsociales de la juventud campechana, el gobernador Alejandro Moreno C\u00e1rdenas y<br \/>\nel director general del Instituto Mexicano de la Juventud (Imjuve), M\u00e1ximo<br \/>\nQuintana Haddad, entregaron recursos federales por m\u00e1s de un mill\u00f3n de pesos a<br \/>\nlos centros de Poder Joven, Casa del Emprendedor, Proyectos Locales Juveniles,<br \/>\nPoder Joven Radio y Televisi\u00f3n, y Projuventudes 2018.<\/b><\/i><b>&nbsp;<\/b><\/p><\/blockquote>\n<p><b><\/b><\/p>\n<p>El gobernador Alejandro Moreno C\u00e1rdenas<br \/>\nafirm\u00f3 que la actual generaci\u00f3n de j\u00f3venes har\u00e1 posible har\u00e1 posible que M\u00e9xico<br \/>\ny Campeche transiten por la era de modernidad, transformaci\u00f3n y desarrollo.<\/p>\n<p>Asegur\u00f3 que su administraci\u00f3n trabaja<br \/>\ntodos los d\u00edas para que los j\u00f3venes tengan las herramientas necesarias que los<br \/>\nayude a construir un mejor futuro y para que todo lo que aprendan pueda ser<br \/>\naplicado en beneficio de la sociedad.<\/p>\n<p>Precis\u00f3 que en poco menos de tres a\u00f1os que<br \/>\nlleva su gobierno se han entregado m\u00e1s de 30 mil computablets, se implement\u00f3 el<br \/>\ntransporte escolar gratuito con 100 autobuses que movilizan a ni\u00f1as, ni\u00f1os y<br \/>\nj\u00f3venes de 10 municipios, y se puso en marcha el programa Google for Education.<\/p>\n<p>Luego de entregar un reconocimiento al<br \/>\nrepresentante del Colectivo \u201cGuerreros en Acci\u00f3n\u201d, Eduardo Can Chan por poner<br \/>\nen marcha acciones de difusi\u00f3n y sensibilizaci\u00f3n en el tema de prevenci\u00f3n de<br \/>\nembarazos en adolecentes, Moreno C\u00e1rdenas pidi\u00f3 a los j\u00f3venes mantenerse firmes<br \/>\nen la convicci\u00f3n de establecerse metas y trabajar con seguridad, actitud y<br \/>\nconfianza para alcanzarlas.<\/p>\n<p>Por su parte, el director general del<br \/>\nImjuve, enfatiz\u00f3 que durante la administraci\u00f3n del presidente de la Rep\u00fablica,<br \/>\nEnrique Pe\u00f1a Nieto, se han alcanzado al 100 por ciento las l\u00edneas de acci\u00f3n en<br \/>\nmateria de juventud, al tiempo que reiter\u00f3 su compromiso de seguir trabajando<br \/>\nen conjunto con la administraci\u00f3n estatal para alcanzar el m\u00e1ximo potencial de<br \/>\nla juventud campechana y que todos tengan las mejores oportunidades para<br \/>\ncambiar sus condiciones de vida y forjar un mejor futuro.<\/p>\n<p>Antes, el director general del Instituto<br \/>\nde la Juventud del Estado, Ariel Javier Ruiz Carrillo, destac\u00f3 que en lo que va<br \/>\nde la administraci\u00f3n de Moreno C\u00e1rdenas se construyeron y modernizaron en todos<br \/>\nlos municipios los centros Poder Joven; se cre\u00f3 la Casa del Emprendedor para<br \/>\nque puedan desarrollar ideas y proyectos productivos y por primera vez, en<br \/>\nnueve municipios, se puso en marcha el programa de vinculaci\u00f3n escuela-trabajo<br \/>\nbeneficiando con becas a j\u00f3venes de entre 20 y 29 a\u00f1os que ya concluyeron o<br \/>\nest\u00e1n por terminar sus estudios profesionales.<\/p>\n<p>El recurso federal entregado asciende a un<br \/>\nmill\u00f3n 55 mil 500 pesos. De este total, corresponde a los centros Poder Joven,<br \/>\n350 mil pesos; a la Casa del Emprendedor, 100 mil pesos; para proyectos locales<br \/>\njuveniles en la modalidad de vinculaci\u00f3n escuela-trabajo, 205 mil 500 pesos; a<br \/>\nPoder Joven Radio y Televisi\u00f3n, que beca a 30 j\u00f3venes, 360 mil pesos y  al programa Projuventudes 2018, 40 mil pesos,<br \/>\npara apoyar espec\u00edficamente el grupo \u201cGuerreros en Acci\u00f3n\u201d en su proyecto de<br \/>\nprevenci\u00f3n.<\/p>\n<p><b>La<br \/>\nIndia y Campeche inician relaci\u00f3n econ\u00f3mica<\/b><\/p>\n<p>Por otra parte, la India y Campeche dieron<br \/>\ninicio a una relaci\u00f3n de intercambio y cooperaci\u00f3n econ\u00f3mica, esto tras una<br \/>\nreuni\u00f3n que sostuvieron el embajador del pa\u00eds asi\u00e1tico, Muktesh K. Pardeshi, y<br \/>\nel presidente de la Asociaci\u00f3n Mexicana de Secretarios de Desarrollo Econ\u00f3mico<br \/>\n(AMSDE), Jos\u00e9 Berzunza Esp\u00ednola.<\/p>\n<p>En el encuentro, el funcionario campechano<br \/>\ndestac\u00f3 la disposici\u00f3n del Gobierno del Estado de Campeche para instrumentar un<br \/>\nmodelo energ\u00e9tico similar al de la India, adem\u00e1s de establecer un contacto<br \/>\noficial con las refiner\u00edas instaladas en el segundo pa\u00eds m\u00e1s poblado del mundo<br \/>\npara conocer los requerimientos t\u00e9cnicos base para la instalaci\u00f3n de industrias<br \/>\nde este tipo.<\/p>\n<p>Record\u00f3 que recientemente la propuesta<br \/>\nsecretaria de Energ\u00eda en la pr\u00f3xima administraci\u00f3n federal, Roc\u00edo Nahle Garc\u00eda,<br \/>\ny el virtual director de Petr\u00f3leos Mexicanos (PEMEX), Octavio Romero Oropeza,<br \/>\nhablaron en Ciudad del Carmen sobre la eventual instalaci\u00f3n de una refiner\u00eda,<br \/>\nque estar\u00eda a cargo del grupo Reliance Industries Limited (RIL).<\/p>\n<p>Berzunza Esp\u00ednola explic\u00f3 que otros temas<br \/>\nincluidos en la reuni\u00f3n con el embajador hind\u00fa fueron emprendimiento,<br \/>\ndesarrollo de microindustrias y el exitoso modelo de inclusi\u00f3n financiera que<br \/>\nha adoptado su pa\u00eds.<\/p>\n<p>Estuvieron presentes en el encuentro el<br \/>\nrepresentante Econ\u00f3mico y Comercial de la Embajada de la Rep\u00fablica de la India<br \/>\nen M\u00e9xico, Ashwani Kumar, y el Primer Secretario, Aliawati Longkumer.<\/p><\/p>\n","protected":false},"excerpt":{"rendered":"<p>Gobierno de Campeche.<\/p>\n","protected":false},"author":1018,"featured_media":0,"comment_status":"open","ping_status":"open","sticky":false,"template":"","format":"standard","meta":{"tdm_status":"","tdm_grid_status":"","footnotes":""},"categories":[27],"tags":[],"_links":{"self":[{"href":"https:\/\/dralvarez.com.mx\/larevista\/wp-json\/wp\/v2\/posts\/68196"}],"collection":[{"href":"https:\/\/dralvarez.com.mx\/larevista\/wp-json\/wp\/v2\/posts"}],"about":[{"href":"https:\/\/dralvarez.com.mx\/larevista\/wp-json\/wp\/v2\/types\/post"}],"author":[{"embeddable":true,"href":"https:\/\/dralvarez.com.mx\/larevista\/wp-json\/wp\/v2\/users\/1018"}],"replies":[{"embeddable":true,"href":"https:\/\/dralvarez.com.mx\/larevista\/wp-json\/wp\/v2\/comments?post=68196"}],"version-history":[{"count":0,"href":"https:\/\/dralvarez.com.mx\/larevista\/wp-json\/wp\/v2\/posts\/68196\/revisions"}],"wp:attachment":[{"href":"https:\/\/dralvarez.com.mx\/larevista\/wp-json\/wp\/v2\/media?parent=68196"}],"wp:term":[{"taxonomy":"category","embeddable":true,"href":"https:\/\/dralvarez.com.mx\/larevista\/wp-json\/wp\/v2\/categories?post=68196"},{"taxonomy":"post_tag","embeddable":true,"href":"https:\/\/dralvarez.com.mx\/larevista\/wp-json\/wp\/v2\/tags?post=68196"}],"curies":[{"name":"wp","href":"https:\/\/api.w.org\/{rel}","templated":true}]}}