{"id":68186,"date":"2018-08-02T00:00:00","date_gmt":"2018-08-02T06:00:00","guid":{"rendered":"https:\/\/dralvarez.com.mx\/larevista\/blog\/sedeco-abrira-manana-ventanilla-para-apoyo-emergente-a-comerciantes-de-plaza-de-artesanias-y-gastronomia-de-carmen-28192"},"modified":"2018-08-02T00:00:00","modified_gmt":"2018-08-02T06:00:00","slug":"sedeco-abrira-manana-ventanilla-para-apoyo-emergente-a-comerciantes-de-plaza-de-artesanias-y-gastronomia-de-carmen-28192","status":"publish","type":"post","link":"https:\/\/dralvarez.com.mx\/larevista\/compeche\/sedeco-abrira-manana-ventanilla-para-apoyo-emergente-a-comerciantes-de-plaza-de-artesanias-y-gastronomia-de-carmen-28192","title":{"rendered":"SEDECO abrir\u00e1 ma\u00f1ana ventanilla para apoyo emergente a comerciantes de plaza de artesan\u00edas y gastronom\u00eda de Carmen"},"content":{"rendered":"<\/p>\n<p>\u201cLo m\u00e1s importante es que los comerciantes de la Plaza de Artesan\u00edas y Gastronom\u00eda de Ciudad del Carmen afectados por el incendio regresen a sus actividades lo antes posible\u201d, asegur\u00f3 el titular de la Secretar\u00eda de Desarrollo Econ\u00f3mico (SEDECO), Jos\u00e9 Berzunza Esp\u00ednola, al anunciar la apertura de una ventanilla de apoyo emergente para respaldarlos.<\/p>\n<p>Precis\u00f3 que la ventanilla abrir\u00e1 a partir de ma\u00f1ana en las oficinas de la SEDECO en Carmen de 08:00 a 16:00 horas.<\/p>\n<p>Destac\u00f3 que, de manera conjunta, la SEDECO, el Instituto Estatal para el Fomento a las Actividades Artesanales en Campeche (INEFAAC), el Instituto para el Desarrollo de la Micro, Peque\u00f1a y Mediana Empresa (INDEMIPYME), Bancampeche y la Secretar\u00eda de Desarrollo Social y Humano (SEDESYH) pondr\u00e1n en marcha programas de apoyo dirigidos a los afectados.<\/p>\n<p>Remarc\u00f3 que el objetivo es lograr una cobertura m\u00e1s amplia para atender a los comerciantes de acuerdo a las caracter\u00edsticas de cada uno de sus negocios, el tipo de afectaci\u00f3n, los vol\u00famenes de venta y el r\u00e9gimen fiscal.<\/p>\n<p>\u201cComo lo anunciamos d\u00edas atr\u00e1s, trabajamos en la b\u00fasqueda de mecanismos y estrategias que nos permitieran respaldar a los comerciantes afectados por el incendio y lo haremos trabajando en equipo para garantizar la rehabilitaci\u00f3n de sus espacios y que regresen lo antes posible a su actividad\u201d, indic\u00f3.<\/p>\n<p>Berzunza Esp\u00ednola detall\u00f3 que los apoyos ser\u00e1n de acuerdo al tipo de negocio a trav\u00e9s de una mezcla de recursos entre subsidios y financiamientos.<\/p><\/p>\n","protected":false},"excerpt":{"rendered":"<p>\u201cLo m\u00e1s importante es que los comerciantes de la Plaza de Artesan\u00edas y Gastronom\u00eda de Ciudad del Carmen afectados por el incendio regresen a sus activ<\/p>\n","protected":false},"author":1018,"featured_media":0,"comment_status":"open","ping_status":"open","sticky":false,"template":"","format":"standard","meta":{"tdm_status":"","tdm_grid_status":"","footnotes":""},"categories":[27],"tags":[],"_links":{"self":[{"href":"https:\/\/dralvarez.com.mx\/larevista\/wp-json\/wp\/v2\/posts\/68186"}],"collection":[{"href":"https:\/\/dralvarez.com.mx\/larevista\/wp-json\/wp\/v2\/posts"}],"about":[{"href":"https:\/\/dralvarez.com.mx\/larevista\/wp-json\/wp\/v2\/types\/post"}],"author":[{"embeddable":true,"href":"https:\/\/dralvarez.com.mx\/larevista\/wp-json\/wp\/v2\/users\/1018"}],"replies":[{"embeddable":true,"href":"https:\/\/dralvarez.com.mx\/larevista\/wp-json\/wp\/v2\/comments?post=68186"}],"version-history":[{"count":0,"href":"https:\/\/dralvarez.com.mx\/larevista\/wp-json\/wp\/v2\/posts\/68186\/revisions"}],"wp:attachment":[{"href":"https:\/\/dralvarez.com.mx\/larevista\/wp-json\/wp\/v2\/media?parent=68186"}],"wp:term":[{"taxonomy":"category","embeddable":true,"href":"https:\/\/dralvarez.com.mx\/larevista\/wp-json\/wp\/v2\/categories?post=68186"},{"taxonomy":"post_tag","embeddable":true,"href":"https:\/\/dralvarez.com.mx\/larevista\/wp-json\/wp\/v2\/tags?post=68186"}],"curies":[{"name":"wp","href":"https:\/\/api.w.org\/{rel}","templated":true}]}}