{"id":68185,"date":"2018-08-02T00:00:00","date_gmt":"2018-08-02T06:00:00","guid":{"rendered":"https:\/\/dralvarez.com.mx\/larevista\/blog\/alianza-academica-con-canada-fortalece-aprendizaje-del-ingles-seduc-28191"},"modified":"2018-08-02T00:00:00","modified_gmt":"2018-08-02T06:00:00","slug":"alianza-academica-con-canada-fortalece-aprendizaje-del-ingles-seduc-28191","status":"publish","type":"post","link":"https:\/\/dralvarez.com.mx\/larevista\/compeche\/alianza-academica-con-canada-fortalece-aprendizaje-del-ingles-seduc-28191","title":{"rendered":"Alianza acad\u00e9mica con Canad\u00e1, fortalece aprendizaje del ingl\u00e9s: SEDUC"},"content":{"rendered":"<\/p>\n<p>\u201cPerfeccionar<br \/>\nel aprendizaje del idioma ingl\u00e9s, y reforzar la preparaci\u00f3n de j\u00f3venes<br \/>\ncampechanos, es fundamental para la presente administraci\u00f3n que encabeza el Gobernador<br \/>\nAlejandro Moreno C\u00e1rdenas\u201d, afirm\u00f3 el coordinador Estatal del Programa Nacional<br \/>\nde Ingl\u00e9s (PRONI), Enrique Escalona Palacios, quien, en representaci\u00f3n del titular<br \/>\nde la Secretar\u00eda de Educaci\u00f3n (SEDUC), Ricardo Medina Farf\u00e1n, recibi\u00f3 a j\u00f3venes<br \/>\nbecarios que participaron durante un mes en un curso acad\u00e9mico en Canad\u00e1.<\/p>\n<p>Escalona<br \/>\nPalacios precis\u00f3 que fueron cuatro j\u00f3venes estudiantes de bachillerato; tres<br \/>\ndel Colegio Nacional de Educaci\u00f3n Profesional T\u00e9cnica en Campeche (CONALEP) y<br \/>\nuno m\u00e1s de la Escuela Preparatoria \u201cFernando Angli Lara\u201d, quienes gracias a la<br \/>\ngesti\u00f3n de la SEDUC, en esta ocasi\u00f3n pudieron acudir a perfeccionar sus<br \/>\nconocimientos sobre esta lengua extranjera al Mohawk College, ubicado en la ciudad<br \/>\nde Hamilton, Ontario, Canad\u00e1.<\/p>\n<p>\u201cEsta<br \/>\nes la primera vez que se otorga este apoyo a j\u00f3venes campechanos que es<br \/>\nderivado de la alianza entre la SEDUC y la Instituci\u00f3n acad\u00e9mica; y es<br \/>\nfundamental ya que los alumnos que cursan el segundo a\u00f1o de preparatoria fueron<br \/>\nseleccionados por contar con los mejores promedios en sus respectivos colegios\u201d,<br \/>\nprecis\u00f3.<\/p>\n<p>Los<br \/>\nj\u00f3venes Eli del Jes\u00fas Araujo Puc, de la Escuela Preparatoria \u201cFernando Angli<br \/>\nLara\u201d; Vianney Berzunza Landeros, Jos\u00e9 Luis Palma Ram\u00edrez y Abigail del Roc\u00edo<br \/>\nCanch\u00e9 C\u00fa, del CONALEP; coincidieron que esta experiencia les permiti\u00f3 aprender<br \/>\nm\u00e1s sobre esta lengua, afinar sus aprendizajes, adem\u00e1s de conocer otra cultura<br \/>\ny nuevos lugares; asimismo, mencionaron que este curso en el extranjero<br \/>\ncontribuir\u00e1 de manera trascendental en su formaci\u00f3n acad\u00e9mica y profesional.<\/p><\/p>\n","protected":false},"excerpt":{"rendered":"<p>Esta es la primera vez que se otorga este apoyo a j\u00f3venes campechanos que es derivado de la alianza entre la SEDUC y la Instituci\u00f3n acad\u00e9mica&#8230;<\/p>\n","protected":false},"author":1018,"featured_media":0,"comment_status":"open","ping_status":"open","sticky":false,"template":"","format":"standard","meta":{"tdm_status":"","tdm_grid_status":"","footnotes":""},"categories":[27],"tags":[],"_links":{"self":[{"href":"https:\/\/dralvarez.com.mx\/larevista\/wp-json\/wp\/v2\/posts\/68185"}],"collection":[{"href":"https:\/\/dralvarez.com.mx\/larevista\/wp-json\/wp\/v2\/posts"}],"about":[{"href":"https:\/\/dralvarez.com.mx\/larevista\/wp-json\/wp\/v2\/types\/post"}],"author":[{"embeddable":true,"href":"https:\/\/dralvarez.com.mx\/larevista\/wp-json\/wp\/v2\/users\/1018"}],"replies":[{"embeddable":true,"href":"https:\/\/dralvarez.com.mx\/larevista\/wp-json\/wp\/v2\/comments?post=68185"}],"version-history":[{"count":0,"href":"https:\/\/dralvarez.com.mx\/larevista\/wp-json\/wp\/v2\/posts\/68185\/revisions"}],"wp:attachment":[{"href":"https:\/\/dralvarez.com.mx\/larevista\/wp-json\/wp\/v2\/media?parent=68185"}],"wp:term":[{"taxonomy":"category","embeddable":true,"href":"https:\/\/dralvarez.com.mx\/larevista\/wp-json\/wp\/v2\/categories?post=68185"},{"taxonomy":"post_tag","embeddable":true,"href":"https:\/\/dralvarez.com.mx\/larevista\/wp-json\/wp\/v2\/tags?post=68185"}],"curies":[{"name":"wp","href":"https:\/\/api.w.org\/{rel}","templated":true}]}}