{"id":68183,"date":"2018-08-02T00:00:00","date_gmt":"2018-08-02T06:00:00","guid":{"rendered":"https:\/\/dralvarez.com.mx\/larevista\/blog\/capacitan-a-estancias-infantiles-para-apoyar-a-madres-trabajadoras-28189"},"modified":"2018-08-02T00:00:00","modified_gmt":"2018-08-02T06:00:00","slug":"capacitan-a-estancias-infantiles-para-apoyar-a-madres-trabajadoras-28189","status":"publish","type":"post","link":"https:\/\/dralvarez.com.mx\/larevista\/compeche\/capacitan-a-estancias-infantiles-para-apoyar-a-madres-trabajadoras-28189","title":{"rendered":"Capacitan a estancias infantiles para apoyar a madres trabajadoras"},"content":{"rendered":"<\/p>\n<p>La<br \/>\nSecretar\u00eda de la Contralor\u00eda del Estado (SECONT), en coordinaci\u00f3n con la Secretar\u00eda<br \/>\nde Desarrollo Social (SEDESOL), llev\u00f3 a cabo la difusi\u00f3n y capacitaci\u00f3n en<br \/>\nmateria de Contralor\u00eda Social a los beneficiarios e integrantes de los Comit\u00e9s<br \/>\nde Contralor\u00eda Social del Programa \u201cEstancias Infantiles en Apoyo a Madres<br \/>\nTrabajadoras\u201d, el cual apoya a madres, padres solos o familias, con al menos<br \/>\nuna beca para una ni\u00f1a o ni\u00f1o de entre 1 a 5 a\u00f1os de edad, que no cuentan con<br \/>\nalg\u00fan acceso a servicios de cuidado y atenci\u00f3n infantil a trav\u00e9s de<br \/>\ninstituciones p\u00fablicas de seguridad social.<\/p>\n<p>La<br \/>\nfinalidad de la capacitaci\u00f3n es el que los integrantes del Comit\u00e9 verifiquen<br \/>\nque los apoyos recibidos se ejerzan con transparencia, as\u00ed como con perspectiva<br \/>\nde g\u00e9nero; de igual modo, que dicho programa no se utilice con fines pol\u00edticos,<br \/>\nde lucro u otros distintos a su objetivo. En esta ocasi\u00f3n se capacitaron a las estancias<br \/>\n\u201cDora la Exploradora\u201d, \u201cRicitos de Oro\u201d, \u201cTraviesitos\u201d y \u201cNi\u00f1o Audaz\u201d, entre<br \/>\notras, de los poblados de Chin\u00e1, Lerma, Kob\u00e9n, as\u00ed como de la ciudad capital.<\/p>\n<p><\/p>\n","protected":false},"excerpt":{"rendered":"<p>La finalidad de la capacitaci\u00f3n es el que los integrantes del Comit\u00e9 verifiquen que los apoyos recibidos se ejerzan con transparencia&#8230;<\/p>\n","protected":false},"author":1018,"featured_media":0,"comment_status":"open","ping_status":"open","sticky":false,"template":"","format":"standard","meta":{"tdm_status":"","tdm_grid_status":"","footnotes":""},"categories":[27],"tags":[],"_links":{"self":[{"href":"https:\/\/dralvarez.com.mx\/larevista\/wp-json\/wp\/v2\/posts\/68183"}],"collection":[{"href":"https:\/\/dralvarez.com.mx\/larevista\/wp-json\/wp\/v2\/posts"}],"about":[{"href":"https:\/\/dralvarez.com.mx\/larevista\/wp-json\/wp\/v2\/types\/post"}],"author":[{"embeddable":true,"href":"https:\/\/dralvarez.com.mx\/larevista\/wp-json\/wp\/v2\/users\/1018"}],"replies":[{"embeddable":true,"href":"https:\/\/dralvarez.com.mx\/larevista\/wp-json\/wp\/v2\/comments?post=68183"}],"version-history":[{"count":0,"href":"https:\/\/dralvarez.com.mx\/larevista\/wp-json\/wp\/v2\/posts\/68183\/revisions"}],"wp:attachment":[{"href":"https:\/\/dralvarez.com.mx\/larevista\/wp-json\/wp\/v2\/media?parent=68183"}],"wp:term":[{"taxonomy":"category","embeddable":true,"href":"https:\/\/dralvarez.com.mx\/larevista\/wp-json\/wp\/v2\/categories?post=68183"},{"taxonomy":"post_tag","embeddable":true,"href":"https:\/\/dralvarez.com.mx\/larevista\/wp-json\/wp\/v2\/tags?post=68183"}],"curies":[{"name":"wp","href":"https:\/\/api.w.org\/{rel}","templated":true}]}}