{"id":68175,"date":"2018-08-02T00:00:00","date_gmt":"2018-08-02T06:00:00","guid":{"rendered":"https:\/\/dralvarez.com.mx\/larevista\/blog\/primera-sesion-ordinaria-2018-del-subcomite-sectorial-de-rendicion-de-cuentas-28181"},"modified":"2018-08-02T00:00:00","modified_gmt":"2018-08-02T06:00:00","slug":"primera-sesion-ordinaria-2018-del-subcomite-sectorial-de-rendicion-de-cuentas-28181","status":"publish","type":"post","link":"https:\/\/dralvarez.com.mx\/larevista\/compeche\/primera-sesion-ordinaria-2018-del-subcomite-sectorial-de-rendicion-de-cuentas-28181","title":{"rendered":"Primera sesi\u00f3n ordinaria 2018 del subcomit\u00e9 sectorial de rendici\u00f3n de cuentas"},"content":{"rendered":"<p>El titular de la Secretar\u00eda de la Contralor\u00eda del Gobierno del Estado (SECONT), Jos\u00e9 Rom\u00e1n Ruiz Carrillo, presidi\u00f3 la primera sesi\u00f3n ordinaria 2018 del Subcomit\u00e9 Sectorial de Rendici\u00f3n de Cuentas, en su car\u00e1cter de Coordinador, en la cual fueron presentados los avances de las l\u00edneas de acci\u00f3n y los resultados 2017 de los indicadores sectoriales del Programa Sectorial de Rendici\u00f3n de Cuentas 2016-2021.<\/p>\n<p>Asimismo, los coordinadores de los grupos de trabajo de Transparencia y Acceso a la Informaci\u00f3n P\u00fablica, Fiscalizaci\u00f3n, Control Gubernamental y Anticorrupci\u00f3n; aprobaron el informe general 2017 del Subcomit\u00e9, haciendo entrega al titular de la Secretar\u00eda de Planeaci\u00f3n (SEPLAN) y Coordinador General del Comit\u00e9 de Planeaci\u00f3n de Desarrollo de Campeche (COPLADECAM), Ram\u00f3n Alberto Arredondo Anguiano, de las reformas al Programa Sectorial de Rendici\u00f3n de Cuentas 2016-2021, los ajustes a la planificaci\u00f3n estrat\u00e9gica de las metas e indicadores y los avances de acci\u00f3n en materia legislativa  <\/p>\n<p>De igual forma, como parte de los acuerdos se solicit\u00f3 a los integrantes de los grupos de trabajo seguir impulsando con acciones en materia de fiscalizaci\u00f3n a los Ayuntamientos, a los Organismos Aut\u00f3nomos y Poderes Legislativo y Judicial, mediante la adopci\u00f3n de las Normas Generales de Auditor\u00eda Gubernamental con base al Sistema Nacional Anticorrupci\u00f3n (SNA), el Marco Integrado del Control Interno (MICI), as\u00ed como normar e instituir acciones para promover en los servidores p\u00fablicos la actuaci\u00f3n con apego a la legalidad, \u00e9tica e integridad e impulsar la capacitaci\u00f3n en principios y valores a servidores p\u00fablicos.<\/p>\n<p>En esta reuni\u00f3n estuvieron presentes Jorge Alejandro Arcila R. de la Gala, titular de la Auditor\u00eda Superior del Estado (ASECAM) y Secretario T\u00e9cnico del Subcomit\u00e9 Sectorial de Rendici\u00f3n de Cuentas; Am\u00e9rica del Carmen Azar P\u00e9rez, titular de la Secretar\u00eda de Finanzas (SEFIN); Alejandro Medina Pi\u00f1a, Sub Secretario de Asuntos Jur\u00eddicos y representante de la Secretar\u00eda General de Gobierno (SEGOB); Olivia del Carmen Rosado Brito, Consejera Jur\u00eddica Adjunta y Suplente de la Consejera Jur\u00eddica del Poder Ejecutivo; Leonor C\u00e1rdenas Guerrero, Vicefiscal General Adjunta de la Fiscal\u00eda General del Estado (FGECAM); Teresa Dolz Ramos, Secretaria Ejecutiva de la Comisi\u00f3n de Transparencia y Acceso a la Informaci\u00f3n P\u00fablica del Estado (COTAIPEC).<\/p>\n","protected":false},"excerpt":{"rendered":"<p>Fueron presentados los avances de las l\u00edneas de acci\u00f3n y los resultados 2017 de los indicadores sectoriales del Programa Sectorial de Rendici\u00f3n de Cue<\/p>\n","protected":false},"author":1018,"featured_media":0,"comment_status":"open","ping_status":"open","sticky":false,"template":"","format":"standard","meta":{"tdm_status":"","tdm_grid_status":"","footnotes":""},"categories":[27],"tags":[],"_links":{"self":[{"href":"https:\/\/dralvarez.com.mx\/larevista\/wp-json\/wp\/v2\/posts\/68175"}],"collection":[{"href":"https:\/\/dralvarez.com.mx\/larevista\/wp-json\/wp\/v2\/posts"}],"about":[{"href":"https:\/\/dralvarez.com.mx\/larevista\/wp-json\/wp\/v2\/types\/post"}],"author":[{"embeddable":true,"href":"https:\/\/dralvarez.com.mx\/larevista\/wp-json\/wp\/v2\/users\/1018"}],"replies":[{"embeddable":true,"href":"https:\/\/dralvarez.com.mx\/larevista\/wp-json\/wp\/v2\/comments?post=68175"}],"version-history":[{"count":0,"href":"https:\/\/dralvarez.com.mx\/larevista\/wp-json\/wp\/v2\/posts\/68175\/revisions"}],"wp:attachment":[{"href":"https:\/\/dralvarez.com.mx\/larevista\/wp-json\/wp\/v2\/media?parent=68175"}],"wp:term":[{"taxonomy":"category","embeddable":true,"href":"https:\/\/dralvarez.com.mx\/larevista\/wp-json\/wp\/v2\/categories?post=68175"},{"taxonomy":"post_tag","embeddable":true,"href":"https:\/\/dralvarez.com.mx\/larevista\/wp-json\/wp\/v2\/tags?post=68175"}],"curies":[{"name":"wp","href":"https:\/\/api.w.org\/{rel}","templated":true}]}}